{"id":4309,"date":"2013-03-27T09:27:00","date_gmt":"2013-03-27T09:27:00","guid":{"rendered":"http:\/\/www.accademiasilviodamico.it\/casting-14-le-grande-guerre-luogo-parigi\/"},"modified":"2018-07-17T09:41:39","modified_gmt":"2018-07-17T07:41:39","slug":"casting-14-le-grande-guerre-luogo-parigi","status":"publish","type":"post","link":"https:\/\/www.accademiasilviodamico.it\/en\/casting-14-le-grande-guerre-luogo-parigi\/","title":{"rendered":"Casting 14 Le Grande Guerre &#8211; luogo: Parigi"},"content":{"rendered":"<p><strong>ANNONCE<\/strong><br \/>\n<strong>\u00a0<\/strong><\/p>\n<p>Je recherche les 2 nds r\u00f4les italiens pour &#8220;14 La Grande Guerre&#8221;, un docu fiction de 8 \u00e9pisodes de 52 mns pour ARTE et la RAI.<br \/>\nProd: Les Films d\u00b4ICI<br \/>\nTournage: en Alsace du 13 mai au 22 juin 2013<br \/>\nCasting: \u00e0 partir du 18 mars 2013 \u00e0 Paris<br \/>\nTarif: 500 E\/jour<\/p>\n<p>Je recherche des com\u00e9diens imp\u00e9rativement italiens habitant en France, dont C\u00b4EST LA LANGUE D\u00b4ORIGINE, PAS DE COMEDIENS BILINGUES.<\/p>\n<p>R\u00f4le 1 : SALVATORE<br \/>\nC\u00b4EST UN AIDE SOIGNANT DANS L\u00b4ARM\u00c9E, IL EST ITALIEN. IL A ENTRE 30 ET 40 ANS. C\u00b4EST UN \u00caTRE RUS\u00c9, QUI SE D\u00c9BROUILLE AVEC LA GUERRE, IL REUSSIRA A FAIRE SORTIR VINCENZO D\u00b4AQUILA DE L\u00b4H\u00d4PITAL. IL EST TERRE \u00c0 TERRE, POS\u00c9. SI POSSIBLE PLUS ITALIEN DU NORD (TOSCANE, PIEMOND).<br \/>\n1 jours de tournage<\/p>\n<p>R\u00f4le 2 : PROFESSEUR GRASSI<br \/>\nC\u00b4EST UN PROFESSEUR DE PSYCHIATRIE ITALIEN, SPECIALIS\u00c9 DANS LES MALADIES NERVEUSES. IL A ENTRE 50 ET 60 ANS. IL N\u00b4EST PAS TR\u00c8S GRAND. RESSEMBLANCE PHYSIQUE \u00c0 LA PHOTO 1, REPRESENTANT LE PROFESSEUR LOMBROSO. JE NE CHERCHE PAS UN SOSIE, MAIS CE TYPE DE PERSONNAGE<br \/>\n1 jour de tournage<\/p>\n<p>Ang\u00e9lique Luisi<br \/>\nDirectrice de casting<br \/>\n<a href=\"http:\/\/www.assorda.com\">www.assorda.com<\/a><\/p>\n<p>Ang\u00e9lique Luisi Casting<br \/>\n12 bis Route de la Reine<br \/>\n92 100 Boulogne-Billancourt<\/p>\n","protected":false},"excerpt":{"rendered":"<p>Docufiction di 8 episodi da 2 min prodotta da Les Films dICI<\/p>\n","protected":false},"author":2,"featured_media":4310,"comment_status":"open","ping_status":"open","sticky":false,"template":"","format":"standard","meta":{"_acf_changed":false,"footnotes":""},"categories":[50],"tags":[],"class_list":["post-4309","post","type-post","status-publish","format-standard","has-post-thumbnail","hentry","category-dal-mondo-dello-spettacolo"],"acf":[],"_links":{"self":[{"href":"https:\/\/www.accademiasilviodamico.it\/en\/wp-json\/wp\/v2\/posts\/4309","targetHints":{"allow":["GET"]}}],"collection":[{"href":"https:\/\/www.accademiasilviodamico.it\/en\/wp-json\/wp\/v2\/posts"}],"about":[{"href":"https:\/\/www.accademiasilviodamico.it\/en\/wp-json\/wp\/v2\/types\/post"}],"author":[{"embeddable":true,"href":"https:\/\/www.accademiasilviodamico.it\/en\/wp-json\/wp\/v2\/users\/2"}],"replies":[{"embeddable":true,"href":"https:\/\/www.accademiasilviodamico.it\/en\/wp-json\/wp\/v2\/comments?post=4309"}],"version-history":[{"count":1,"href":"https:\/\/www.accademiasilviodamico.it\/en\/wp-json\/wp\/v2\/posts\/4309\/revisions"}],"predecessor-version":[{"id":11402,"href":"https:\/\/www.accademiasilviodamico.it\/en\/wp-json\/wp\/v2\/posts\/4309\/revisions\/11402"}],"wp:featuredmedia":[{"embeddable":true,"href":"https:\/\/www.accademiasilviodamico.it\/en\/wp-json\/wp\/v2\/media\/4310"}],"wp:attachment":[{"href":"https:\/\/www.accademiasilviodamico.it\/en\/wp-json\/wp\/v2\/media?parent=4309"}],"wp:term":[{"taxonomy":"category","embeddable":true,"href":"https:\/\/www.accademiasilviodamico.it\/en\/wp-json\/wp\/v2\/categories?post=4309"},{"taxonomy":"post_tag","embeddable":true,"href":"https:\/\/www.accademiasilviodamico.it\/en\/wp-json\/wp\/v2\/tags?post=4309"}],"curies":[{"name":"wp","href":"https:\/\/api.w.org\/{rel}","templated":true}]}}