{"id":27535,"date":"2025-12-23T17:10:52","date_gmt":"2025-12-23T16:10:52","guid":{"rendered":"https:\/\/www.accademiasilviodamico.it\/?p=27535"},"modified":"2025-12-23T17:12:15","modified_gmt":"2025-12-23T16:12:15","slug":"master-di-specializzazione-per-attori-2026-favola","status":"publish","type":"post","link":"https:\/\/www.accademiasilviodamico.it\/en\/master-di-specializzazione-per-attori-2026-favola\/","title":{"rendered":"Master di specializzazione per Attori 2026 FAVOLA"},"content":{"rendered":"<p><strong>Michelangelo Pistoletto<\/strong><br \/>\n<em>Il passo dai quadri specchianti al teatro \u2013 tutto \u00e8 teatro \u2013 mi sembra semplicemente naturale. L\u2019arte non \u00e8 confinata nell\u2019oggetto, ma coinvolge il tempo, lo spazio, l\u2019azione, la partecipazione.<\/em><\/p>\n<p><strong>Cristiana Morganti<\/strong><br \/>\n<em>Il lavoro dell\u2019attore \u00e8 prima di tutto un lavoro sul s\u00e9, sulla propria verit\u00e0 interiore, sulla capacit\u00e0 di esporsi senza maschere.<\/em><\/p>\n<p><strong>Fabio Condemi<\/strong><br \/>\n<em>Credo che il teatro debba porre delle domande a chi lo fa e a chi lo guarda. Domande che creino tensioni. Queste domande ci riguardano.<\/em><\/p>\n<h4><em><strong>La favola \u00e8 la base di ogni racconto.<\/strong><\/em><\/h4>\n<h4>\ndi\u00a0<strong>Andrea Chiodi<\/strong><\/h4>\n<p><strong>La Favola<\/strong>: la prima forma d\u2019arte con cui veniamo in contatto da bambini, il genere attraverso cui impariamo a conoscere il mondo, quello che offre i primi schemi d\u2019interpretazione della realt\u00e0, che spesso conserviamo per tutta la vita.\u00a0<strong>I modelli narratologici della fiaba<\/strong>\u00a0\u2013 il triangolo di protagonista, deuteragonista e antagonista; il labirinto e il bosco come metafore del mondo; la divisione tra bene e male; l\u2019idea di avventura come parabola di trasformazione e miglioramento del mondo; il conflitto come condizione necessaria per l\u2019accesso alla felicit\u00e0 \u2013 sono strumenti che abbiamo elaborato nell\u2019esperienza fiabesca, e che tuttora ci accompagnano nella decifrazione della realt\u00e0.<\/p>\n<p>La fiaba \u00e8 anche un genere che si \u00e8 evoluto e diversificato nel tempo e nelle differenziazioni culturali e nazionali: dalle favole antiche di Fedro ed Esopo a quelle nordiche di Andersen e dei fratelli Grimm; dal grande canzoniere proletario di Basile alle fulminanti parabole di Wilde, dagli apologhi di La Fontaine alle recenti rivisitazioni cinematografiche di Garrone e Lanthimos, il patrimonio favolistico sembra avere \u2013 quando si va a frequentarlo \u2013 la stessa forza poetica e metaforica di quello mitologico. Allo stesso tempo le fiabe consentono al loro interno\u00a0<strong>una straordinaria libert\u00e0 immaginativa<\/strong>, che appare quasi impossibile nelle cosiddette narrazioni \u201crealistiche\u201d: incantesimi, animali che parlano, maledizioni, sovvertimenti delle leggi naturali.<\/p>\n<p>Tutte le favole si somigliano, e tuttavia nelle favole tutto pu\u00f2 accadere. Si vuole usare il genere della favola partendo da quest\u2019ipotesi: che in quegli schemi, in quelle formulazioni solo apparentemente infantili, si nascondano movimenti profondi e universali:\u00a0<strong>alcune linee della drammaturgia del mondo<\/strong>. L\u2019obiettivo \u00e8 quindi quello di\u00a0<strong>usare il concetto e la tradizione della \u201cfavola\u201d \u2013 cos\u00ec poco percorso a teatro \u2013 per elaborare percorsi e linguaggi contemporanei<\/strong>. Come la favola, lo spettacolo teatrale \u00e8 un mondo, e ambisce ogni volta a riformularne lingua e leggi.\u00a0<strong>Un vero percorso formativo tra teorie, riflessione pratica, danza e arte.\u00a0<\/strong><\/p>\n<p>Ho voluto per questo tre artisti di diverse generazioni e storie diverse che si confronteranno in modi e tempi diversi: dall\u2019incontro con il\u00a0<strong>Maestro Pistoletto<\/strong>\u00a0e l\u2019immersione nella sua poetica e nel suo pensiero attraverso l\u2019esperienza a\u00a0<strong>Fondazione Pistoletto Cittadellarte<\/strong>, al lavoro con\u00a0<strong>Cristiana Morganti<\/strong>, per la sua storia straordinaria legata a Pina Bausch e la grande esperienza pedagogica legata al pensiero e al corpo, fino all\u2019appuntamento con\u00a0<strong>Fabio Condemi<\/strong>, la nuova generazione della regia, un approccio al testo e al mestiere dell\u2019attore estremamente contemporaneo ma con uno sguardo anche alla grande tradizione.<\/p>\n<p>Il Master sar\u00e0 accompagnato dal lavoro del drammaturgo\u00a0<strong>Fabrizio Sinisi<\/strong>, della dramaturg\u00a0<strong>Simona Gonella<\/strong>, della danzatrice\u00a0<strong>Marta Ciappina<\/strong>\u00a0e del coreografo e pedagogo\u00a0<strong>Alessio Maria Romano<\/strong>.<\/p>\n<hr \/>\n<h4><strong>IL BANDO DI PARTECIPAZIONE<\/strong><\/h4>\n<ol>\n<li><span class=\"content-normal\"><strong>PREMESSA<\/strong><\/span><br \/>\n<span class=\"content-normal\">La Fondazione Piccolo Teatro di Milano \u2013 Teatro d\u2019Europa, nell\u2019ambito delle sue attivit\u00e0 di formazione, promuove per l\u2019estate 2026\u00a0<strong>la prima edizione del Master per attori professionisti<\/strong>, un percorso intensivo dedicato a\u00a0<strong>interpreti under 35<\/strong>\u00a0desiderosi di approfondire le proprie competenze attoriali in un contesto di eccellenza artistica e pedagogica.<\/span><\/li>\n<li><span class=\"content-normal\"><strong>FINALIT\u00c0 DEL MASTER<\/strong><\/span><br \/>\n<span class=\"content-normal\">Il Master si pone come obiettivi:<\/span>\u279d\u00a0<span class=\"content-normal\">Offrire una formazione avanzata nelle arti sceniche;<\/span><br \/>\n<span class=\"content-normal\">\u279d potenziare le capacit\u00e0 interpretative attraverso il lavoro su testi classici e contemporanei;<\/span><br \/>\n<span class=\"content-normal\">\u279d favorire l\u2019incontro tra giovani attori e maestri della scena nazionale e internazionale di diverse discipline e generazioni;<\/span><br \/>\n<span class=\"content-normal\">\u279d\u00a0<\/span>promuovere l\u2019inserimento dei partecipanti nel panorama teatrale professionale;<br \/>\n<span class=\"content-normal\">\u279d\u00a0<\/span>sviluppare la commistione tra i vari linguaggi, arte, danza, parola e drammaturgia.<\/li>\n<li><strong>STRUTTURA DEL MASTER<\/strong><span class=\"content-normal\">\u279d\u00a0<\/span><strong>Periodo<\/strong>: 28 giugno\u00a0<span class=\"content-normal\">\u2013\u00a0<\/span>8 luglio 2026; 13 luglio\u00a0<span class=\"content-normal\">\u2013\u00a0<\/span>31 luglio 2026; 31 agosto\u00a0<span class=\"content-normal\">\u2013\u00a0<\/span>4 ottobre 2026;<br \/>\n<span class=\"content-normal\">\u279d\u00a0<\/span><strong>Sede<\/strong>: Cittadellarte Biella e Fondazione Piccolo Teatro di Milano\u00a0<span class=\"content-normal\">\u2013\u00a0<\/span>Teatro d\u2019Europa;<br \/>\n<span class=\"content-normal\">\u279d\u00a0<\/span><strong>Modalit\u00e0<\/strong>: full time, con attivit\u00e0 dal luned\u00ec al sabato;<br \/>\n<span class=\"content-normal\">\u279d\u00a0<\/span><strong>Percorso<\/strong>: laboratori intensivi, lezioni teoriche, classi di training fisico, incontri e una restituzione finale pubblica del lavoro che si terr\u00e0 presso il Teatro Studio Melato dall\u20191 al 4 ottobre 2026.<\/li>\n<li><strong>DESTINATARI E REQUISITI<\/strong><br \/>\nIl bando \u00e8 rivolto a:<span class=\"content-normal\">\u279d\u00a0<\/span>Attrici e attori di et\u00e0 compresa tra i 22 e i 35 anni;<br \/>\n<span class=\"content-normal\">\u279d a<\/span>ttrici e attori diplomate\/i in scuole di teatro riconosciute o attrici e attori con comprovata esperienza professionale nel settore;<br \/>\n<span class=\"content-normal\">\u279d c<\/span>ittadine\/i italiane\/i o straniere\/i con buona conoscenza della lingua italiana scritta e parlata.<\/li>\n<li><span class=\"content-normal\"><strong>DOCENTI<\/strong>\u00a0<\/span><br \/>\n<span class=\"content-normal\">Il corpo docente, selezionato di concerto tra il Preside del Master, il regista\u00a0<strong>Andrea Chiodi<\/strong>, e il Direttore Artistico della Fondazione Piccolo Teatro di Milano \u2013 Teatro d\u2019Europa,\u00a0<strong>Claudio Longhi<\/strong>, sar\u00e0 composto da tre maestri di tre esperienze e generazioni differenti \u2013\u00a0<strong>Michelangelo Pistoletto<\/strong>,\u00a0<strong>Cristiana Morganti<\/strong>\u00a0e\u00a0<strong>Fabio Condemi<\/strong>, da due pedagoghi di rilievo nazionale e internazionale \u2013\u00a0<strong>Marta Ciappina<\/strong>\u00a0e\u00a0<strong>Alessio Maria Romano<\/strong>,<strong>\u00a0<\/strong>dal drammaturgo\u00a0<strong>Fabrizio Sinisi<\/strong>\u00a0e dalla coach-dramaturg\u00a0<strong>Simona Gonella<\/strong>.<\/span><\/li>\n<li><strong>MODALIT\u00c0 DI PARTECIPAZIONE<\/strong><br \/>\nLa domanda dovr\u00e0 essere compilata e inviata attraverso il portale\u00a0<a href=\"https:\/\/iscrizionimaster.piccoloteatromilano.it\/\"><strong><u>iscrizionimaster.piccoloteatromilano.it<\/u><\/strong><\/a>.<br \/>\n<strong>Alla domanda andranno allegati i seguenti documenti:<\/strong><span class=\"content-normal\">\u279d\u00a0<\/span>Curriculum vitae aggiornato corredato di due foto (primo piano e figura intera);<br \/>\n<span class=\"content-normal\">\u279d l<\/span>ettera motivazionale (massimo una pagina);<br \/>\n<span class=\"content-normal\">\u279d l<\/span>ink a un video di presentazione o a una breve performance teatrale (durata massima cinque minuti);<br \/>\n<span class=\"content-normal\">\u279d c<\/span>opia di un documento d\u2019identit\u00e0.L\u2019iscrizione al Master dovr\u00e0 pervenire\u00a0<strong>entro e non oltre la mezzanotte del 23 marzo 2026<\/strong>.<\/li>\n<li><span class=\"content-normal\"><strong>SELEZIONE<\/strong>\u00a0<\/span><br \/>\n<span class=\"content-normal\">Una prima selezione avverr\u00e0 sulla base del materiale ricevuto. I candidati scelti saranno convocati per un\u2019audizione\/colloquio in presenza, che si terr\u00e0 presso il Piccolo Teatro di Milano\u00a0<strong>a partire dall\u20198 aprile 2026<\/strong>.\u00a0L\u2019esito della selezione finale sar\u00e0 comunicato via e-mail\u00a0<strong>entro il 27 aprile 2026<\/strong>.<\/span><br \/>\n<span class=\"content-normal\">Il numero massimo di partecipanti sar\u00e0 di dodici.<\/span><br \/>\n<span class=\"content-normal\">La selezione sar\u00e0 affidata al Preside del Master, Andrea Chiodi, al drammaturgo Fabrizio Sinisi, alla regista e dramaturg Simona Gonella e al regista Fabio Condemi.<\/span><\/li>\n<li><span class=\"content-normal\"><strong>COSTI<\/strong><\/span><br \/>\n<span class=\"content-normal\">La quota di iscrizione alla selezione ammonta a \u20ac50 per spese di segreteria e dovr\u00e0 essere versata a mezzo bonifico bancario intestato a:<\/span><br \/>\n<span class=\"content-normal\"><strong>Fondazione Piccolo Teatro di Milano \u2013 Teatro d\u2019Europa<\/strong>\u00a0<\/span><br \/>\n<span class=\"content-normal\">IBAN:\u00a0<strong>IT31Z050340172700000001828<\/strong>\u00a0<\/span><br \/>\n<span class=\"content-normal\">BIC:\u00a0<strong>BAPPIT21633<\/strong><\/span><br \/>\n<span class=\"content-normal\">indicando nella causale\u00a0<strong>Candidatura Master Attori 2026 \u2013 Nome e cognome della\/del candidata\/o<\/strong>\u00a0<strong>e codice fiscale<\/strong>.\u00a0<\/span><span class=\"content-normal\">Il Master sar\u00e0 gratuito con copertura delle spese di vitto e alloggio per il periodo dal 28 giugno all\u20198 luglio 2026, quando le attivit\u00e0 si svolgeranno fuori dagli spazi del Piccolo Teatro di Milano, nella Cittadellarte a Biella.\u00a0<\/span><\/li>\n<li><span class=\"content-normal\"><strong>ATTESTATO FINALE E DOCUMENTAZIONE DEL LAVORO SVOLTO<\/strong>\u00a0<\/span><br \/>\n<span class=\"content-normal\">Al termine del Master sar\u00e0 rilasciato un Attestato di partecipazione dal Piccolo Teatro di Milano \u2013 Teatro d\u2019Europa.<\/span><br \/>\n<span class=\"content-normal\">Tutto il lavoro svolto sar\u00e0 documentato e raccontato attraverso il\u00a0<strong>Diario del Master<\/strong>, un progetto sviluppato in sinergia con\u00a0<strong>Stratagemmi \u2013 Prospettive teatrali<\/strong>\u00a0e coordinato dalla giornalista e docente\u00a0<strong>Maddalena Giovannelli<\/strong>.<\/span><\/li>\n<li><span class=\"content-normal\"><strong>CONTATTI<\/strong>\u00a0<\/span><br \/>\n<span class=\"content-normal\">Segreteria della Scuola di Teatro \u201cLuca Ronconi\u201d\u00a0<strong>02 72333405<\/strong>\u00a0<\/span><br \/>\n<span class=\"content-normal\">Andrea Chiodi, indirizzo e-mail\u00a0<\/span><a href=\"mailto:preside.master@piccoloteatromilano.it\"><span class=\"content-normal\"><strong><u>preside.master@piccoloteatromilano.it<\/u><\/strong><\/span><\/a><br \/>\n<span class=\"content-normal\">Roberta Zanoli, indirizzo e-mail\u00a0<\/span><a href=\"mailto:zanolir@piccoloteatromilano.it\"><span class=\"content-normal\"><strong><u>zanolir@piccoloteatromilano.it<\/u><\/strong><\/span><\/a><\/li>\n<\/ol>\n","protected":false},"excerpt":{"rendered":"<p>Michelangelo Pistoletto Il passo dai quadri specchianti al teatro \u2013 tutto \u00e8 teatro \u2013 mi sembra semplicemente naturale. L\u2019arte non&#8230;<\/p>\n","protected":false},"author":7,"featured_media":15003,"comment_status":"closed","ping_status":"closed","sticky":false,"template":"","format":"standard","meta":{"_acf_changed":false,"footnotes":""},"categories":[61,50,60],"tags":[],"class_list":["post-27535","post","type-post","status-publish","format-standard","has-post-thumbnail","hentry","category-bandi","category-dal-mondo-dello-spettacolo","category-laboratori","course_type-recitazione","course_type-corso-di-recitazione-biennio"],"acf":[],"_links":{"self":[{"href":"https:\/\/www.accademiasilviodamico.it\/en\/wp-json\/wp\/v2\/posts\/27535","targetHints":{"allow":["GET"]}}],"collection":[{"href":"https:\/\/www.accademiasilviodamico.it\/en\/wp-json\/wp\/v2\/posts"}],"about":[{"href":"https:\/\/www.accademiasilviodamico.it\/en\/wp-json\/wp\/v2\/types\/post"}],"author":[{"embeddable":true,"href":"https:\/\/www.accademiasilviodamico.it\/en\/wp-json\/wp\/v2\/users\/7"}],"replies":[{"embeddable":true,"href":"https:\/\/www.accademiasilviodamico.it\/en\/wp-json\/wp\/v2\/comments?post=27535"}],"version-history":[{"count":2,"href":"https:\/\/www.accademiasilviodamico.it\/en\/wp-json\/wp\/v2\/posts\/27535\/revisions"}],"predecessor-version":[{"id":27538,"href":"https:\/\/www.accademiasilviodamico.it\/en\/wp-json\/wp\/v2\/posts\/27535\/revisions\/27538"}],"wp:featuredmedia":[{"embeddable":true,"href":"https:\/\/www.accademiasilviodamico.it\/en\/wp-json\/wp\/v2\/media\/15003"}],"wp:attachment":[{"href":"https:\/\/www.accademiasilviodamico.it\/en\/wp-json\/wp\/v2\/media?parent=27535"}],"wp:term":[{"taxonomy":"category","embeddable":true,"href":"https:\/\/www.accademiasilviodamico.it\/en\/wp-json\/wp\/v2\/categories?post=27535"},{"taxonomy":"post_tag","embeddable":true,"href":"https:\/\/www.accademiasilviodamico.it\/en\/wp-json\/wp\/v2\/tags?post=27535"}],"curies":[{"name":"wp","href":"https:\/\/api.w.org\/{rel}","templated":true}]}}