{"id":25209,"date":"2025-01-20T17:02:34","date_gmt":"2025-01-20T16:02:34","guid":{"rendered":"https:\/\/www.accademiasilviodamico.it\/?p=25209"},"modified":"2025-01-20T17:04:45","modified_gmt":"2025-01-20T16:04:45","slug":"corso-drammaturgie-variazioni-autobiografiche-a-cura-di-angela-dematte-e-francesca-garolla-e-corpo-e-azione","status":"publish","type":"post","link":"https:\/\/www.accademiasilviodamico.it\/en\/corso-drammaturgie-variazioni-autobiografiche-a-cura-di-angela-dematte-e-francesca-garolla-e-corpo-e-azione\/","title":{"rendered":"Corso Drammaturgie: variazioni autobiografiche a cura di Angela Dematt\u00e8\u00a0e Francesca Garolla e Corpo e Azione"},"content":{"rendered":"<h3 style=\"text-align: center;\">Corso<\/h3>\n<h3 style=\"text-align: center;\"><strong>Drammaturgie: variazioni autobiografiche<\/strong> a cura di Angela Dematt\u00e8\u00a0 e Francesca Garolla<\/h3>\n<h3 style=\"text-align: center;\">e<\/h3>\n<h3 style=\"text-align: center;\"><strong>Corpo e Azione &#8211; <\/strong><strong>Masterclass con Wim Vandekeybus<\/strong><\/h3>\n<p>&nbsp;<\/p>\n<p>La <strong>Scuola di Emilia Romagna Teatro ERT \/ Teatro Nazionale<\/strong> promuove il percorso formativo di qualificazione e professionalizzazione per autrici e autori teatrali: <strong><em>Drammaturgie. Variazioni autobiografiche<\/em><\/strong> <em>(Prog. 1)<\/em> realizzato nell\u2019ambito dell\u2019operazione \u00a0<strong>Scuola Internazionale di Alta Formazione Teatrale Iolanda Gazzerro 2025<\/strong> \u2013 Rif. PA 2024-23068\/RER, finanziata con\u00a0risorse del Programma Fondo sociale europeo Plus 2021-2027 della Regione Emilia-Romagna e approvata con Deliberazione di Giunta Regionale n. 2287 del 09\/12\/2024 <u>rivolto ad artisti gi\u00e0 diplomati in scuole e accademie teatrali e\/o con comprovate esperienze nell\u2019ambito dello spettacolo dal vivo<\/u>.<\/p>\n<p>Promuove inoltre un percorso gratuito di <strong>Alta formazione<\/strong> per giovani attrici\/tori, danzatrici\/tori, coreografe\/i e performers: <strong><em>Corpo e azione. Masterclass con Wim Vandekeybus<\/em><\/strong> (Prog. 1) realizzato nell\u2019ambito dell\u2019operazione \u00a0<strong>Masterclass per la Scena Contemporanea 2025<\/strong> \u2013 Rif. PA 2024-23069\/RER, finanziata con\u00a0risorse del Programma Fondo sociale europeo Plus 2021-2027 della Regione Emilia-Romagna e approvata con Deliberazione di Giunta Regionale n. 2287 del 09\/12\/2024 <u>rivolto ad artisti gi\u00e0 diplomati in scuole e accademie teatrali e\/o con comprovate esperienze nell\u2019ambito dello spettacolo dal vivo<\/u>.<\/p>\n<p><em>Di seguito vi riportiamo un breve riepilogo del Corso e dell<\/em><em>a Masterclass di prossima attivazione con preghiera di diffusione ai vostri contatti ed ex allievi.<\/em><\/p>\n<p><strong>Informazioni complete, requisiti di ammissione e modalit\u00e0 di selezione sono indicate nei bandi in allegato e pubblicati sul sito <a href=\"http:\/\/scuola.emiliaromagnateatro.com\">http:\/\/scuola.emiliaromagnateatro.com<\/a><\/strong><\/p>\n<p>&#8211;\u00a0\u00a0\u00a0\u00a0\u00a0\u00a0\u00a0\u00a0\u00a0 <strong><em>Drammaturgie. <\/em><\/strong><strong><em>Variazioni autobiografiche<\/em><\/strong> (Rif.PA 2024-23068\/RER, prog.1), a cura di <strong>Angela Dematt\u00e8<\/strong> e <strong>Francesca Garolla<\/strong>.<\/p>\n<p>&nbsp;<\/p>\n<p><strong>IL CORSO<\/strong><\/p>\n<p><strong><em>Drammaturgie. <\/em><\/strong><strong><em>Variazioni autobiografiche<\/em><\/strong> (prog.1), a cura di <strong>Angela Dematt\u00e8<\/strong> e <strong>Francesca Garolla<\/strong><\/p>\n<p>La Scuola di ERT propone <strong>a Modena<\/strong> il corso <strong>gratuito<\/strong> di Alta Formazione <strong><em>Drammaturgie. Variazioni autobiografiche<\/em><\/strong>, della durata di 760 ore di cui 420 ore d\u2019aula e 340 di project work, condotto dalle\/dagli autrici\/tori <strong>Angela Dematt\u00e9<\/strong> (drammaturga e attrice), <strong>Francesca Garolla <\/strong>(autrice e dramaturg), con il prezioso contributo pedagogico di artiste e artisti quali <strong>Carmelo Rifici<\/strong>, <strong>Liv Ferracchiati<\/strong>, <strong>Carlotta Corradi<\/strong>, <strong>Tindaro Granata<\/strong> e <strong>Riccardo Favaro <\/strong>e con esplorazioni culturali a cura di<strong> Angela Albanese<\/strong>, docente dell\u2019Universit\u00e0 di Modena e Reggio Emilia: con un approccio maieutico e non dogmatico volto a valorizzare la creativit\u00e0 di ogni allievo, si costituir\u00e0 un \u201ccantiere\u201d di scrittura drammaturgica, in un percorso che benefici del contributo attivo e arricchente dell\u2019intero gruppo di lavoro.<\/p>\n<p>Terreno comune sar\u00e0 l\u2019<strong>Autobiografia<\/strong>, tra testi classici e contemporanei, nel senso pi\u00f9 ampio possibile, in modo da creare stimoli e non limitazioni alla creativit\u00e0 di allieve e allievi.<\/p>\n<p>La parte finale del percorso formativo delle allieve e degli allievi consister\u00e0 in un <strong>reading <\/strong>collettivo di brani dei testi creati durante il percorso, che sar\u00e0 presentato nell\u2019ambito delle programmazioni dei teatri e\/o degli spazi gestiti di ERT.<\/p>\n<p>&nbsp;<\/p>\n<p><strong>Quando<\/strong>: dal 3 marzo al 19 settembre 2025 (con possibilit\u00e0 di eventuali recuperi di lezioni entro il 30 settembre 2025)<\/p>\n<p><strong>Quota di iscrizione<\/strong>: corso gratuito<\/p>\n<p><strong>Numero massimo di partecipanti<\/strong>: 12<\/p>\n<p><strong><u>Termine per l\u2019invio delle domande di partecipazione: ore 24:00 di <\/u><\/strong><strong><u>luned\u00ec 3 febbraio 2025. <\/u><\/strong><\/p>\n<p><strong>\u00a0<\/strong><a href=\"https:\/\/scuola.emiliaromagnateatro.com\/wp-content\/uploads\/sites\/7\/2024\/12\/Bando_Drammaturgie_2025.pdf\">Bando di selezione per il corso Drammaturgie. Variazioni autobiografiche<\/a><\/p>\n<table width=\"100%\">\n<tbody>\n<tr>\n<td><\/td>\n<td width=\"100%\">\n<p><a href=\"https:\/\/scuola.emiliaromagnateatro.com\/wp-content\/uploads\/sites\/7\/2024\/12\/Bando_Drammaturgie_2025.pdf\">Bando di selezione per il corso Drammaturgie. Variazioni autobiografiche<\/a><\/p>\n<p>\u00c8 online il bando di selezione per il corso\u00a0<em><strong>Drammaturgie. <\/strong><\/em><em><strong>Variazioni autobiografiche<\/strong><\/em><em><strong>\u00a0<\/strong><\/em>condotto da\u00a0<strong>Angela Dematt\u00e9<\/strong>\u00a0e\u00a0<strong>Francesca Garolla<\/strong>.<\/p>\n<p>Emilia Romagna Teatro Fondazione realizza l\u2019operazione\u00a0<strong>Scuola Internazionale di Alta Formazione Teatrale Iolanda Gazzerro 202<\/strong><strong>5<\/strong>\u00a0\u2013 Rif. PA 2024-23068\/RER, finanziata con risorse del Programma Fondo sociale europeo Plus 2021-2027 della Regione Emilia-Romagna e approvata con Deliberazione di Giunta Regionale n. 2287 del 09\/12\/2024.<\/td>\n<\/tr>\n<\/tbody>\n<\/table>\n<p>&nbsp;<\/p>\n<p>&#8211;\u00a0\u00a0\u00a0\u00a0\u00a0\u00a0<strong><em>Corpo e azione. Masterclass con Wim Vandekeybus<\/em><\/strong> ( Rif.PA 2024-23069\/RER, Prog. 1)<\/p>\n<p><strong>LA MASTERCLASS<\/strong><\/p>\n<p><strong><em>Corpo e azione. <\/em><\/strong><strong><em>Masterclass con Wim Vandekeybus<\/em><\/strong> (Prog. 1)<\/p>\n<p>Nel corso della Masterclass, della durata di 40 ore, di cui 36 ore d\u2019aula e 4 di project work, le\/i frequentanti saranno guidate\/i da <strong>Wim Vandekeybus<\/strong>, nell\u2019esplorazione del movimento come forma di espressione istintiva, simile al parlare, cantare o ridere e nell\u2019approfondimento delle tecniche e dei linguaggi della danza e del teatro, in un\u2019ottica di sviluppo di un linguaggio multidisciplinare attraverso il quale trasformare le proprie esperienze personali in potenti performances sceniche.<\/p>\n<p>Al termine della Masterclass \u00e8 previsto un momento di dimostrazione pubblica del percorso pedagogico, nell\u2019ambito del programma della Rassegna <em>Carne<\/em>.<\/p>\n<p><strong>Quando<\/strong>: dal 17 al 22 marzo 2025<\/p>\n<p><strong>Quota di iscrizione<\/strong>: corso gratuito<\/p>\n<p><strong>Numero massimo di partecipanti<\/strong>: 15<\/p>\n<p>&nbsp;<\/p>\n<p><strong><u>Termine per l\u2019invio delle domande di partecipazione: ore 24:00 di <\/u><\/strong><strong><u>gioved\u00ec 13 febbraio 2025. <\/u><\/strong><\/p>\n<p><strong>\u00a0<\/strong><\/p>\n<p><a href=\"https:\/\/scuola.emiliaromagnateatro.com\/wp-content\/uploads\/sites\/7\/2024\/12\/Bando_Vandekeybus_2025.pdf\">Bando di selezione per Corpo e azione. Masterclass con Wim Vandekeybus<\/a><\/p>\n","protected":false},"excerpt":{"rendered":"<p>Corso Drammaturgie: variazioni autobiografiche a cura di Angela Dematt\u00e8\u00a0 e Francesca Garolla e Corpo e Azione &#8211; Masterclass con Wim&#8230;<\/p>\n","protected":false},"author":7,"featured_media":25213,"comment_status":"closed","ping_status":"closed","sticky":false,"template":"","format":"standard","meta":{"_acf_changed":false,"footnotes":""},"categories":[61,50,60],"tags":[],"class_list":["post-25209","post","type-post","status-publish","format-standard","has-post-thumbnail","hentry","category-bandi","category-dal-mondo-dello-spettacolo","category-laboratori","course_type-recitazione","course_type-regia","course_type-critica-giornalistica","course_type-drammaturgia"],"acf":[],"_links":{"self":[{"href":"https:\/\/www.accademiasilviodamico.it\/en\/wp-json\/wp\/v2\/posts\/25209","targetHints":{"allow":["GET"]}}],"collection":[{"href":"https:\/\/www.accademiasilviodamico.it\/en\/wp-json\/wp\/v2\/posts"}],"about":[{"href":"https:\/\/www.accademiasilviodamico.it\/en\/wp-json\/wp\/v2\/types\/post"}],"author":[{"embeddable":true,"href":"https:\/\/www.accademiasilviodamico.it\/en\/wp-json\/wp\/v2\/users\/7"}],"replies":[{"embeddable":true,"href":"https:\/\/www.accademiasilviodamico.it\/en\/wp-json\/wp\/v2\/comments?post=25209"}],"version-history":[{"count":1,"href":"https:\/\/www.accademiasilviodamico.it\/en\/wp-json\/wp\/v2\/posts\/25209\/revisions"}],"predecessor-version":[{"id":25212,"href":"https:\/\/www.accademiasilviodamico.it\/en\/wp-json\/wp\/v2\/posts\/25209\/revisions\/25212"}],"wp:featuredmedia":[{"embeddable":true,"href":"https:\/\/www.accademiasilviodamico.it\/en\/wp-json\/wp\/v2\/media\/25213"}],"wp:attachment":[{"href":"https:\/\/www.accademiasilviodamico.it\/en\/wp-json\/wp\/v2\/media?parent=25209"}],"wp:term":[{"taxonomy":"category","embeddable":true,"href":"https:\/\/www.accademiasilviodamico.it\/en\/wp-json\/wp\/v2\/categories?post=25209"},{"taxonomy":"post_tag","embeddable":true,"href":"https:\/\/www.accademiasilviodamico.it\/en\/wp-json\/wp\/v2\/tags?post=25209"}],"curies":[{"name":"wp","href":"https:\/\/api.w.org\/{rel}","templated":true}]}}