{"id":22782,"date":"2024-02-23T10:22:02","date_gmt":"2024-02-23T09:22:02","guid":{"rendered":"https:\/\/www.accademiasilviodamico.it\/?p=22782"},"modified":"2024-02-23T14:19:05","modified_gmt":"2024-02-23T13:19:05","slug":"biennale-college-teatro-percorsi-formativi-per-giovani-artisti-deadline-8-aprile-2024","status":"publish","type":"post","link":"https:\/\/www.accademiasilviodamico.it\/en\/biennale-college-teatro-percorsi-formativi-per-giovani-artisti-deadline-8-aprile-2024\/","title":{"rendered":"BIENNALE COLLEGE TEATRO &#8211; PERCORSI FORMATIVI PER GIOVANI ARTISTI &#8211; Deadline 8 aprile 2024"},"content":{"rendered":"<table width=\"696\">\n<tbody>\n<tr>\n<td width=\"696\">\n<table width=\"100%\">\n<tbody>\n<tr>\n<td width=\"696\">\n<table width=\"100%\">\n<tbody>\n<tr>\n<td>\n<table>\n<tbody>\n<tr>\n<td>\n<table>\n<tbody>\n<tr>\n<td><a href=\"https:\/\/www.accademiasilviodamico.it\/wp-content\/uploads\/2024\/02\/biennale.jpg\"><img loading=\"lazy\" decoding=\"async\" class=\"alignleft size-medium wp-image-22783\" src=\"https:\/\/www.accademiasilviodamico.it\/wp-content\/uploads\/2024\/02\/biennale-600x117.jpg\" alt=\"\" width=\"600\" height=\"117\" srcset=\"https:\/\/www.accademiasilviodamico.it\/wp-content\/uploads\/2024\/02\/biennale-600x117.jpg 600w, https:\/\/www.accademiasilviodamico.it\/wp-content\/uploads\/2024\/02\/biennale-300x59.jpg 300w, https:\/\/www.accademiasilviodamico.it\/wp-content\/uploads\/2024\/02\/biennale.jpg 696w\" sizes=\"auto, (max-width: 600px) 100vw, 600px\" \/><\/a><\/td>\n<\/tr>\n<\/tbody>\n<\/table>\n<\/td>\n<\/tr>\n<\/tbody>\n<\/table>\n<\/td>\n<\/tr>\n<\/tbody>\n<\/table>\n<\/td>\n<\/tr>\n<\/tbody>\n<\/table>\n<\/td>\n<\/tr>\n<tr>\n<td width=\"696\">\n<table width=\"100%\">\n<tbody>\n<tr>\n<td width=\"656\"><strong>BIENNALE COLLEGE TEATRO<\/strong><strong><br \/>\nPERCORSI FORMATIVI PER GIOVANI ARTISTI<\/strong><strong><br \/>\n<\/strong><strong>Deadline 8 aprile 2024<\/strong>Nell\u2019ambito del <a href=\"https:\/\/www.labiennale.org\/it\/teatro\/2024\">52. Festival Internazionale di Teatro<\/a>, diretto da Stefano Ricci e Gianni Forte, la <strong>Biennale College Teatro<\/strong> offre una serie di workshop sul tema <em><strong>Niger et Albus<\/strong><\/em> curati da <strong>Maestri internazionali<\/strong> e incentrati su linguaggi, codici e tecniche della scena.<br \/>\nLa Biennale College Teatro vuole essere un luogo di ipotesi e confronto, uno spazio aperto all&#8217;incontro e alla sperimentazione, in un processo che possa coinvolgere studiosi\/e, spettatori\/spettatrici, appassionati\/e: una vera e propria fabbrica di idee sulle possibilit\u00e0 del teatro.<br \/>\nI workshop si terranno <strong>dal 15 al 30 giugno 2024<\/strong> e prevedono <strong>6 percorsi di formazione<\/strong>.<\/p>\n<table width=\"100%\">\n<tbody>\n<tr>\n<td>\n<table>\n<tbody>\n<tr>\n<td><\/td>\n<\/tr>\n<\/tbody>\n<\/table>\n<\/td>\n<\/tr>\n<\/tbody>\n<\/table>\n<\/td>\n<\/tr>\n<\/tbody>\n<\/table>\n<\/td>\n<\/tr>\n<tr>\n<td width=\"696\">\n<table width=\"100%\">\n<tbody>\n<tr>\n<td width=\"656\">\n<p><strong>Modalit\u00e0 di partecipazione<\/strong><\/p>\n<p>\u00c8 consentita la candidatura a <strong>un solo<\/strong> workshop.<br \/>\nL\u2019esito delle selezioni sar\u00e0 comunicato a tutti i candidati \/ le candidate entro <strong>fine aprile\/inizio maggio 2024<\/strong>.<br \/>\nA tutti i candidati\/le candidate si chiede di compilare in ogni sua parte il <strong>formulario di iscrizione online<\/strong> e di allegare la documentazione digitale richiesta dai Maestri, come specificato nella scheda del workshop prescelto.<\/p>\n<p><strong>Per informazioni<\/strong><br \/>\n<u><a href=\"mailto:college-teatro@labiennale.org\">college-teatro@labiennale.org<\/a><\/u><\/p>\n<table width=\"100%\">\n<tbody>\n<tr>\n<td>\n<table>\n<tbody>\n<tr>\n<td>\n<table>\n<tbody>\n<tr>\n<td><\/td>\n<\/tr>\n<\/tbody>\n<\/table>\n<\/td>\n<\/tr>\n<\/tbody>\n<\/table>\n<\/td>\n<\/tr>\n<\/tbody>\n<\/table>\n<\/td>\n<\/tr>\n<\/tbody>\n<\/table>\n<\/td>\n<\/tr>\n<tr>\n<td width=\"696\">\n<table width=\"100%\">\n<tbody>\n<tr>\n<td width=\"311\"><strong>GOB SQUAD<\/strong><br \/>\nDate: 17 &gt; 21 giugno 2024<br \/>\nLingua: inglese<br \/>\nDestinatari: artisti multidisciplinari (la recitazione non \u00e8 un\u2019abilit\u00e0 essenziale)<br \/>\nEt\u00e0: +18 &gt; 40<\/td>\n<td width=\"310\"><strong>VAIVA GRAINYT\u00c9, LINA LAPELYT\u00c9 E RUGIL\u00c9 BAZD\u017dIUKAIT\u0116<\/strong><br \/>\nDate: 19 &gt; 23 giugno 2024<br \/>\nLingua: inglese<br \/>\nDestinatari: creativi provenienti da settori e contesti eterogenei<br \/>\nEt\u00e0: +18 &gt; 40<\/td>\n<\/tr>\n<\/tbody>\n<\/table>\n<\/td>\n<\/tr>\n<tr>\n<td width=\"696\">\n<table width=\"100%\">\n<tbody>\n<tr>\n<td width=\"311\"><strong>TIM CROUCH<\/strong><br \/>\nDate: 21 &gt; 25 giugno 2024<br \/>\nLingua: inglese<br \/>\nDestinatari: autori per il teatro<br \/>\nEt\u00e0: +18 &gt; 40<\/td>\n<td width=\"310\"><strong>MUTA IMAGO<\/strong><br \/>\nDate: 24 &gt; 28 giugno 2024<br \/>\nLingua: italiano o inglese<br \/>\nDestinatari: attori, performer<br \/>\nEt\u00e0: +18 &gt; 40 anni<\/td>\n<\/tr>\n<\/tbody>\n<\/table>\n<\/td>\n<\/tr>\n<tr>\n<td width=\"696\">\n<table style=\"width: 100%;\" width=\"100%\">\n<tbody>\n<tr>\n<td style=\"width: 50%;\" width=\"311\"><strong>ANDREA PORCHEDDU<\/strong><br \/>\nDate: \u00e8 possibile seguire l\u2019intero percorso: 15 &gt; 30 giugno; met\u00e0 percorso: dal 15 al 22 giugno (1\u00b0<br \/>\ngruppo) o dal 23 al 30 giugno (2\u00b0 gruppo) &#8211; l\u2019assegnazione a uno dei due gruppi verr\u00e0 definita d\u2019ufficio dalla segreteria di college<br \/>\nLingua: italiano<br \/>\nDestinatari: Studiosi, giornalisti, spettatori critici.<br \/>\nMeglio se laureati (non solo in performing arts)<br \/>\nEt\u00e0: +18 &gt; 35<br \/>\n<em>Fino a un massimo di 6 partecipanti per ciascun periodo<\/em><\/td>\n<td style=\"width: 49.8555%;\" width=\"310\"><strong>GIANNI STAROPOLI<\/strong><br \/>\nDate: 26 &gt; 30 giugno 2024<br \/>\nLingua: italiano<br \/>\nDestinatari: light designer, tecnici, registi, coreografi, performers, attori, danzatori e tutti coloro che desiderano approfondire la drammaturgia della luce (e del buio) e dello spazio del teatro contemporaneo<br \/>\nEt\u00e0: +18 &gt; 40<\/td>\n<\/tr>\n<\/tbody>\n<\/table>\n<\/td>\n<\/tr>\n<tr>\n<td width=\"696\">\n<table width=\"100%\">\n<tbody>\n<tr>\n<td width=\"661\">\u00c8 inoltre previsto un workshop di drammaturgia tenuto da <strong>Davide Carnevali<\/strong>, maggiori informazioni al seguente <a href=\"https:\/\/www.labiennale.org\/it\/teatro\/2024\/biennale-college-teatro-2024-workshop-drammaturgia\">link. <\/a><\/td>\n<\/tr>\n<\/tbody>\n<\/table>\n<\/td>\n<\/tr>\n<\/tbody>\n<\/table>\n<p>&nbsp;<\/p>\n","protected":false},"excerpt":{"rendered":"<p>BIENNALE COLLEGE TEATRO PERCORSI FORMATIVI PER GIOVANI ARTISTI Deadline 8 aprile 2024Nell\u2019ambito del 52. Festival Internazionale di Teatro, diretto da&#8230;<\/p>\n","protected":false},"author":7,"featured_media":22784,"comment_status":"closed","ping_status":"closed","sticky":false,"template":"","format":"standard","meta":{"_acf_changed":false,"footnotes":""},"categories":[61,60],"tags":[],"class_list":["post-22782","post","type-post","status-publish","format-standard","has-post-thumbnail","hentry","category-bandi","category-laboratori","course_type-recitazione","course_type-regia","course_type-critica-giornalistica","course_type-drammaturgia"],"acf":[],"_links":{"self":[{"href":"https:\/\/www.accademiasilviodamico.it\/en\/wp-json\/wp\/v2\/posts\/22782","targetHints":{"allow":["GET"]}}],"collection":[{"href":"https:\/\/www.accademiasilviodamico.it\/en\/wp-json\/wp\/v2\/posts"}],"about":[{"href":"https:\/\/www.accademiasilviodamico.it\/en\/wp-json\/wp\/v2\/types\/post"}],"author":[{"embeddable":true,"href":"https:\/\/www.accademiasilviodamico.it\/en\/wp-json\/wp\/v2\/users\/7"}],"replies":[{"embeddable":true,"href":"https:\/\/www.accademiasilviodamico.it\/en\/wp-json\/wp\/v2\/comments?post=22782"}],"version-history":[{"count":2,"href":"https:\/\/www.accademiasilviodamico.it\/en\/wp-json\/wp\/v2\/posts\/22782\/revisions"}],"predecessor-version":[{"id":22786,"href":"https:\/\/www.accademiasilviodamico.it\/en\/wp-json\/wp\/v2\/posts\/22782\/revisions\/22786"}],"wp:featuredmedia":[{"embeddable":true,"href":"https:\/\/www.accademiasilviodamico.it\/en\/wp-json\/wp\/v2\/media\/22784"}],"wp:attachment":[{"href":"https:\/\/www.accademiasilviodamico.it\/en\/wp-json\/wp\/v2\/media?parent=22782"}],"wp:term":[{"taxonomy":"category","embeddable":true,"href":"https:\/\/www.accademiasilviodamico.it\/en\/wp-json\/wp\/v2\/categories?post=22782"},{"taxonomy":"post_tag","embeddable":true,"href":"https:\/\/www.accademiasilviodamico.it\/en\/wp-json\/wp\/v2\/tags?post=22782"}],"curies":[{"name":"wp","href":"https:\/\/api.w.org\/{rel}","templated":true}]}}