{"id":22347,"date":"2024-01-23T11:11:16","date_gmt":"2024-01-23T10:11:16","guid":{"rendered":"https:\/\/www.accademiasilviodamico.it\/?p=22347"},"modified":"2024-01-23T11:56:21","modified_gmt":"2024-01-23T10:56:21","slug":"premio-di-poesia-paolo-giuranna-i-edizione","status":"publish","type":"post","link":"https:\/\/www.accademiasilviodamico.it\/en\/premio-di-poesia-paolo-giuranna-i-edizione\/","title":{"rendered":"Premio di Poesia &#8220;Paolo Giuranna&#8221; I edizione"},"content":{"rendered":"<h4 style=\"text-align: center;\"><strong>Premio di poesia \u201cPaolo Giuranna\u201d<\/strong><\/h4>\n<h4 style=\"text-align: center;\"><strong>Prima Edizione<\/strong><\/h4>\n<h4 style=\"text-align: center;\"><strong>Bando di concorso 2024<\/strong><\/h4>\n<p>&nbsp;<\/p>\n<h5 style=\"text-align: center;\"><span style=\"color: #ff0000;\"><strong>PROROGA SCADENZA BANDO AL 11 FEBBRAIO 2024<\/strong><\/span><\/h5>\n<p>&nbsp;<\/p>\n<p style=\"text-align: left;\">La Fondazione Culturas\u00ec indice la prima edizione del Premio di Poesia \u201cPaolo Giuranna\u201d, con il patrocinio dell\u2019Accademia Nazionale d\u2019Arte Drammatica \u201cSilvio d\u2019Amico\u201d, la Societ\u00e0 Dante Alighieri e il sostegno della famiglia Giuranna.<\/p>\n<p style=\"text-align: left;\">Il premio \u00e8 rivolto a giovani attori e allievi attori dai 18 ai 30 anni e si svolger\u00e0 dal 2 al 28 marzo 2024 a Roma, presso le sedi della Fondazione Culturas\u00ec, Largo Dino Frisullo snc e il teatro \u201cEleonora Duse\u201d di via Vittoria n\u00b06 .<\/p>\n<p style=\"text-align: left;\">Il concorso si articola in tre fasi:<br \/>\n1) una pre-selezione dei candidati a mezzo video tra gennaio e febbraio 2024;<br \/>\n2) Una selezione tramite due serate di declamazione di poesia con pubblico, da cui<br \/>\nemergeranno i finalisti (ogni candidato parteciper\u00e0 ad una sola delle due serate).<br \/>\nI finalisti parteciperanno a due incontri pre-finale, volti alla creazione di un coro parlato per<br \/>\nla serata conclusiva.<br \/>\n3) Una serata finale di declamazione di poesia individuale e corale con pubblico, in cui<br \/>\nverrano proclamati i vincitori.<\/p>\n<p style=\"text-align: left;\"><strong>La scadenza per l\u2019iscrizione \u00e8 fissata al <del>21 gennaio 2024.<\/del><span style=\"color: #ff0000;\">11 febbraio 2024<\/span><del><br \/>\n<\/del><\/strong><\/p>\n<p>https:\/\/www.fondazioneculturasi.it\/premio-paolo-giuranna<\/p>\n<p>&nbsp;<\/p>\n<p><strong>PREMI<\/strong><\/p>\n<p>Il Premio consiste in una quota in denaro per i primi tre classificati offerta dalla fondazione Culturas\u00ec:<\/p>\n<p style=\"padding-left: 80px;\">&#8211; 1\u00b0 PREMIO<br \/>\n\u2022 Quota in denaro di \u20ac 1500,00<br \/>\n\u2022 Attestato di partecipazione<\/p>\n<p style=\"padding-left: 80px;\">&#8211; 2\u00b0 PREMIO<br \/>\n\u2022 Quota in denaro di \u20ac 1000,00<br \/>\n\u2022 Attestato di partecipazione<\/p>\n<p style=\"padding-left: 80px;\">&#8211; 3\u00b0 PREMIO<br \/>\n\u2022 Quota in denaro di \u20ac 500,00<br \/>\n\u2022 Attestato di partecipazione<\/p>\n<p><strong>GIURIA<\/strong><br \/>\nLa giuria sar\u00e0 composta da docenti e attori di chiara fama, di cui uno sar\u00e0 individuato dal Consiglio Accademico dell\u2019Accademia Nazionale d\u2019Arte Drammatica \u201cSilvio d\u2019Amico\u201d .<\/p>\n<p>Il giudizio della giuria \u00e8 insindacabile e inappellabile. La lista completa dei giurati sar\u00e0 pubblicata sul sito della fondazione Culturas\u00ec.<\/p>\n<p><strong>MODALITA\u2018 DI PARTECIPAZIONE<\/strong><\/p>\n<p style=\"padding-left: 40px;\">1. PRE-SELEZIONE<br \/>\n(gennaio-febbraio 2024)<br \/>\nLe domande di partecipazione al concorso dovranno essere compilate utilizzando<br \/>\nl \u2019 a p p o s i t a s c h e d a d i i s c r i z i o n e s c a r i c a b i l e d a l s i t o d e l l a f o n d a z i o n e<br \/>\nwww.fondazioneculturasi.it<br \/>\nOgni candidato dovr\u00e0 inviare tutto il materiale a mezzo posta elettronica all\u2019indirizzo:<br \/>\npremiopaologiuranna@gmail.com<br \/>\nNell\u2019 oggetto della mail dovr\u00e0 essere indicato cognome e nome del candidato e la specifica<br \/>\n\u201cpremio poesia Paolo Giuranna\u201d (es. De Rossi Giulio premio poesia Paolo Giuranna).<br \/>\nLe richieste di partecipazione dovranno pervenire entro e non oltre il 21 gennaio 2024.<br \/>\nLa domanda di iscrizione dovr\u00e0 essere corredata dai seguenti allegati:<br \/>\na) Un video con due poesie scelte e declamate dal candidato. Sono richieste poesie edite<br \/>\nin lingua italiana non tradotta: da Giacomo Leopardi fino ai giorni nostri. I video<br \/>\ndevono essere allegati alla mail senza l\u2019ausilio di altre applicazioni (no wetransfer, no<br \/>\ngoogle drive, dropbox ecc.)<br \/>\nb) Modulo di iscrizione compilato e firmato in ogni sua parte (Allegato);<br \/>\nc) Curriculum breve;<br \/>\nd) Fotocopia di un documento d\u2019identit\u00e0.<\/p>\n<p><strong>SELEZIONE (2-9 marzo 2024)<\/strong><\/p>\n<p style=\"padding-left: 40px;\">Coloro che hanno superato la pre-selezione parteciperanno a una serata di declamazione<br \/>\ndal vivo delle poesie scelte, davanti ad un pubblico e ad una giuria. Sono previste 2 serate<br \/>\ndi selezione che si svolgeranno il 2 marzo 2024 e il 9 marzo 2024 presso la sede della<br \/>\nFondazione Culturas\u00ec &#8211; Largo Dino Frisullo snc. &#8211; Roma. Ogni candidato verr\u00e0 chiamato a<br \/>\npartecipare ad una delle due serate di selezione, al termine delle quali verranno scelti i<br \/>\nfinalisti.<\/p>\n<p><strong>FINALE (27-28 marzo 2024)<\/strong><\/p>\n<p style=\"padding-left: 40px;\">I candidati finalisti parteciperanno a due incontri (27 e 28 marzo) volti alla preparazione di<br \/>\nun coro per la serata finale, e alla serata finale di declamazione di poesia individuale e<br \/>\ncorale con pubblico (28 marzo), in cui verrano proclamati i 3 vincitori.<\/p>\n<p><strong>INFORMAZIONI UTILI PER I CANDIDATI:<\/strong><\/p>\n<p style=\"padding-left: 40px;\">Ai candidati non \u00e8 richiesta nessuna quota di iscrizione. Coloro che risulteranno idonei,<br \/>\ndopo la fase di pre-selezione e dopo la fase di selezione, saranno avvisati a mezzo posta<br \/>\nelettronica.<br \/>\nI candidati non potranno avanzare diritto alcuno nei confronti di eventuali riprese audio e\/o<br \/>\nvideo effettuate durante le fasi del concorso, o della serata finale.<br \/>\nL\u2019organizzazione declina ogni responsabilit\u00e0 nei confronti di eventuali danni a persone o<br \/>\ncose durante lo svolgimento del concorso.<br \/>\nAi sensi dell&#8217;art. 10 della legge n. 675\/96 sulla &#8220;tutela dei dati personali&#8221; si informa che i<br \/>\ndati forniti all&#8217;atto dell&#8217;iscrizione saranno utilizzati esclusivamente al fine di inviare<br \/>\ncomunicazioni relative al Concorso escludendo ogni altro utilizzo. L&#8217;iscrizione al Concorso<br \/>\nimplica l&#8217;accettazione del trattamento dei dati personali e l&#8217;autorizzazione alla loro<br \/>\npubblicazione in rete.<\/p>\n<p>INFO: https:\/\/www.fondazioneculturasi.it\/premio-paolo-giuranna<\/p>\n<p>&nbsp;<\/p>\n","protected":false},"excerpt":{"rendered":"<p>Premio di poesia \u201cPaolo Giuranna\u201d Prima Edizione Bando di concorso 2024 &nbsp; PROROGA SCADENZA BANDO AL 11 FEBBRAIO 2024 &nbsp;&#8230;<\/p>\n","protected":false},"author":7,"featured_media":22515,"comment_status":"closed","ping_status":"closed","sticky":false,"template":"","format":"standard","meta":{"_acf_changed":false,"footnotes":""},"categories":[61,50],"tags":[],"class_list":["post-22347","post","type-post","status-publish","format-standard","has-post-thumbnail","hentry","category-bandi","category-dal-mondo-dello-spettacolo","course_type-recitazione","course_type-regia","course_type-critica-giornalistica","course_type-drammaturgia"],"acf":[],"_links":{"self":[{"href":"https:\/\/www.accademiasilviodamico.it\/en\/wp-json\/wp\/v2\/posts\/22347","targetHints":{"allow":["GET"]}}],"collection":[{"href":"https:\/\/www.accademiasilviodamico.it\/en\/wp-json\/wp\/v2\/posts"}],"about":[{"href":"https:\/\/www.accademiasilviodamico.it\/en\/wp-json\/wp\/v2\/types\/post"}],"author":[{"embeddable":true,"href":"https:\/\/www.accademiasilviodamico.it\/en\/wp-json\/wp\/v2\/users\/7"}],"replies":[{"embeddable":true,"href":"https:\/\/www.accademiasilviodamico.it\/en\/wp-json\/wp\/v2\/comments?post=22347"}],"version-history":[{"count":6,"href":"https:\/\/www.accademiasilviodamico.it\/en\/wp-json\/wp\/v2\/posts\/22347\/revisions"}],"predecessor-version":[{"id":22519,"href":"https:\/\/www.accademiasilviodamico.it\/en\/wp-json\/wp\/v2\/posts\/22347\/revisions\/22519"}],"wp:featuredmedia":[{"embeddable":true,"href":"https:\/\/www.accademiasilviodamico.it\/en\/wp-json\/wp\/v2\/media\/22515"}],"wp:attachment":[{"href":"https:\/\/www.accademiasilviodamico.it\/en\/wp-json\/wp\/v2\/media?parent=22347"}],"wp:term":[{"taxonomy":"category","embeddable":true,"href":"https:\/\/www.accademiasilviodamico.it\/en\/wp-json\/wp\/v2\/categories?post=22347"},{"taxonomy":"post_tag","embeddable":true,"href":"https:\/\/www.accademiasilviodamico.it\/en\/wp-json\/wp\/v2\/tags?post=22347"}],"curies":[{"name":"wp","href":"https:\/\/api.w.org\/{rel}","templated":true}]}}