{"id":21962,"date":"2023-09-05T13:14:03","date_gmt":"2023-09-05T11:14:03","guid":{"rendered":"https:\/\/www.accademiasilviodamico.it\/?p=21962"},"modified":"2023-09-05T13:14:03","modified_gmt":"2023-09-05T11:14:03","slug":"il-css-cerca-un-giovane-cantante-afrodiscendente-per-black-star-la-nuova-creazione-di-fabrizio-arcuri-fabrizio-sinisi","status":"publish","type":"post","link":"https:\/\/www.accademiasilviodamico.it\/en\/il-css-cerca-un-giovane-cantante-afrodiscendente-per-black-star-la-nuova-creazione-di-fabrizio-arcuri-fabrizio-sinisi\/","title":{"rendered":"Il CSS cerca un giovane cantante afrodiscendente per Black Star, la nuova creazione di Fabrizio Arcuri \/ Fabrizio Sinisi"},"content":{"rendered":"<p>Il<strong>\u00a0CSS Teatro stabile di innovazione del Friuli Venezia Giulia<\/strong>\u00a0cerca un giovane cantante afrodiscendente per\u00a0<a href=\"https:\/\/customer591.musvc2.net\/e\/tr?q=8%3dIb6%26G%3dG%26G%3d8WMT%26t%3dbHaB%26P%3dvMyK7_KVxd_VF_MevU_WT_KVxd_UKRAP.hN7NiD28.nO_6tXu_FiuM37zUwHsD_6tXu_Fi6YEb_wvgs_7kpEf8y-Ly66_KVxd_VKP8F_xJ9Kh0_6tXu_Ggs0ALq08MjM_6tXu_FYzO1_6fH44nB2_KVxd_VIWE-9j7-Fc7X_6tXu_FYzO1_Fj9wNr_MevU_XR8r6wE%26i%3dH9L18F.GjO%26wL%3d6WFT8%26O7%3dUEWGcDeET6WIc8%26C%3dE9fdp6C6r8AesU67tYhaF487oTCepWgVHXCbFTCWNTkb6o4fM4CaJa0aJ786H866s6fA&amp;mupckp=mupAtu4m8OiX0wt\"><strong>Black Star<\/strong><\/a>, la nuova creazione con la regia di<strong>\u00a0Fabrizio Arcuri<\/strong>\u00a0e testo di<strong>\u00a0Fabrizio Sinisi<\/strong>, una co-produzione\u00a0<strong>CSS Teatro stabile di innovazione del FVG, Teatro Metastasio di Prato e TPE \u2013 Teatro Piemonte Europa<\/strong>.<\/p>\n<p>Le candidature dovranno pervenire entro il\u00a0<strong>15 settembre 2023 ore 18<\/strong> all&#8217;indirizzo <a href=\"mailto:deborahpastore@cssudine.it\">deborahpastore@cssudine.it<\/a>.<br \/>\nGli artisti selezionati riceveranno la conferma di partecipazione ai provini entro il 18 settembre 2023.<\/p>\n<p><strong>Caratteristiche richieste:<\/strong><br \/>\n&#8211; uomo di et\u00e0 fra \u00a020 e i 35 anni<br \/>\n&#8211; afrodiscendente<br \/>\n&#8211; cantante preferibilmente con capacit\u00e0 attoriali e nozioni base di danza<br \/>\n&#8211; disponibilit\u00e0 a lavorare nei periodi sotto indicati.<\/p>\n<p><strong>Periodo prove:<\/strong><br \/>\n7 giorni di prove da definire tra ottobre e novembre 2023 a Udine<br \/>\nA questo calendario potrebbero aggiungersi ulteriori brevi periodi, attualmente in fase di definizione<\/p>\n<p><strong>Debutto e prime repliche di <a href=\"https:\/\/customer591.musvc2.net\/e\/tr?q=9%3dJdM%26H%3dH%26I%3dOXNV%26A%3dcIcS%26Q%3dwOFL8_Mmye_XW_Nfxl_XU_Mmye_WbSBR.yO8PzE30.5P_7vov_GkBN49GVxJ0E_7vov_GkMZFd_Dwhu_NlqGw9z-NF77_Mmye_XbQ9H_EK0MyA_7vov_Hi0ABN8A9O1N_7vov_GaGP2_8wI565C3_Mmye_XZXF-A18-GeNY_7vov_GaGP2_H10xP9_Nfxl_YS097xG%26z%3dI0NH9G.I1P%26xN%3dMXGVO%26P8%3dWVXHeUfFVMXJeO%26D%3dFAweq8T7s0RftWM8uaybG6O8pVTfqYxWIZTcGVTXOV2c7p6wN6TbKcQbK9O7I0M7t8wB&amp;mupckp=mupAtu4m8OiX0wt\">Black Star<\/a>:<\/strong><strong><br \/>\n<\/strong><em>prima assoluta<\/em><br \/>\n23-24 novembre 2023, ore 20.30<br \/>\nStagione Teatro Contatto<br \/>\nUdine, Teatro Palamostre<\/p>\n<p>29 novembre &#8211; 3 dicembre 2023<br \/>\nTorino, Teatro Astra<\/p>\n<p>7-10 dicembre 2023<br \/>\nPrato, Teatro Fabbricone<\/p>\n<p><strong>Le selezioni verranno condotte dal regista Fabrizio Arcuri mercoled\u00ec 20 settembre al Teatro S. Giorgio di Udine dalle ore 11 alle ore 18.<\/strong><strong><\/p>\n<p>Candidature:<\/strong><br \/>\nUna prima selezione verr\u00e0 effettuata sulla base dei curricula, corredati da foto ed eventuale documentazione video, che dovranno pervenire entro\u00a0<strong>venerd\u00ec<\/strong>\u00a0<strong>15 settembre 2023 ore 18<\/strong>, inviando la propria candidatura a\u00a0<a href=\"mailto:deborahpastore@cssudine.it\">deborahpastore@cssudine.it<\/a>.<\/p>\n<p><strong>Info<\/strong>\u00a0CSS Teatro stabile di innovazione del FVG<br \/>\nvia Ermes di Colloredo 42 \u2013 33100 Udine<br \/>\ntel + 39 0432 504765<br \/>\n<a href=\"mailto:deborahpastore@cssudine.it\">deborahpastore@cssudine.it<\/a><\/p>\n<p>&nbsp;<\/p>\n<table width=\"100%\">\n<tbody>\n<tr>\n<td><a href=\"https:\/\/customer591.musvc2.net\/e\/tr?q=9%3dNZH%26H%3dL%26E%3dJXRR%266%3dcMYN%26Q%3d1KALB_Ihyi_TR_Njtg_XY_Ihyi_SWSFN.tOBLuE76.zP_Arjv_Kg7N85BV2F5E_Arjv_KgHZJZ_9wlq_IluCr94-JA7A_Ihyi_TWQCD_0KDItA_Arjv_Le5AFJ3ACKvN_Arjv_KWBP6_4rI92zC7_Ihyi_TUXJ-7v8-KaIY_Arjv_KWBP6_Dv02L4_Njtg_YW6472C%26u%3dIDJC9K.EvP%262J%3dHXKRJ%26PB%3dSQXLaPfJRHXNaJ%26D%3dJ7reu4O7w6MfxSH8yWtbK2J8tROfuUsWMVOcKROXSRwc7t2rR2ObOYLbO5J7M6H7x4rB&amp;mupckp=mupAtu4m8OiX0wt\"><strong>Black Star<\/strong><\/a><strong><br \/>\n<\/strong>di Fabrizio Sinisi<br \/>\nregia e luci Fabrizio Arcuri<br \/>\ncon Gabriele Benedetti<br \/>\nMaria Roveran<br \/>\nAglaia Mora<br \/>\nMichele Guidi<br \/>\nattore\/cantante in via di definizione<br \/>\nmusiche composte ed eseguite dal vivo da Giulio Ragno Favero<br \/>\nscene e costumi Luigina Tusini<br \/>\ncon quattro figuranti<\/p>\n<p>una co-produzione CSS Teatro stabile di innovazione del FVG,<br \/>\nTeatro Metastasio di Prato e TPE \u2013 Teatro Piemonte Europa<\/p>\n<p>Quattro episodi: ciascuno con un diverso protagonista e una (apparentemente) diversa vicenda. Nel primo, una donna di mezza et\u00e0 s\u2019innamora di un mendicante. Nel secondo, un cruento episodio di cronaca. Nel terzo, una crisi matrimoniale. Nel quarto, un raid a sfondo razzista nella periferia di una grande citt\u00e0. Ogni episodio con un suo linguaggio e un suo genere di riferimento: contrasto amoroso, tragedia di vendetta, dramma borghese, teatro di narrazione. Un solo elemento accomuna questi quattro quadri: la presenza di un giovane afrodiscendente, un immigrato africano di nome Grock, che attraversa le vicende in modo ambiguo e sfuggente, assumendo via via su di s\u00e9 i pi\u00f9 diversi significati: corpo erotico, avversario politico, vittima sociale, capro espiatorio.<\/p>\n<p>Richiamandosi al\u00a0<em>Tito Andronico<\/em>, opera d\u2019esordio di William Shakespeare, Fabrizio Sinisi e Fabrizio Arcuri portano in scena con\u00a0<em>Black Star\u00a0<\/em>un ambiguo trattato sulla violenza, e in particolare sulla violenza sociale legata alla presenza dello straniero: un\u2019analisi spietata di una societ\u00e0 \u2013 la nostra \u2013 che s\u2019illude di aver rimosso da s\u00e9 ogni forma di ferocia, ma che ne ha solo occultato i meccanismi. Tuttavia, il dispositivo sacrificale \u00e8 sempre l\u00ec: invisibile agli occhi della maggioranza, ma non per questo meno sanguinoso. Lo straniero che affolla le nostre citt\u00e0 continua, oggi come ieri, ad essere la vittima sacrificale di un ingranaggio tanto crudele quanto misconosciuto.\u00a0<em>Black Star<\/em>, con le forme di un teatro in versi e di una struttura prismatica, si pone come una tragedia contemporanea, mettendo in evidenza il meccanismo feroce su cui il nostro mondo continua a fondarsi.<\/td>\n<\/tr>\n<\/tbody>\n<\/table>\n<p><\/p>\n","protected":false},"excerpt":{"rendered":"<p>Il\u00a0CSS Teatro stabile di innovazione del Friuli Venezia Giulia\u00a0cerca un giovane cantante afrodiscendente per\u00a0Black Star, la nuova creazione con la&#8230;<\/p>\n","protected":false},"author":7,"featured_media":0,"comment_status":"closed","ping_status":"closed","sticky":false,"template":"","format":"standard","meta":{"_acf_changed":false,"footnotes":""},"categories":[81,50],"tags":[],"class_list":["post-21962","post","type-post","status-publish","format-standard","hentry","category-casting","category-dal-mondo-dello-spettacolo","course_type-recitazione"],"acf":[],"_links":{"self":[{"href":"https:\/\/www.accademiasilviodamico.it\/en\/wp-json\/wp\/v2\/posts\/21962","targetHints":{"allow":["GET"]}}],"collection":[{"href":"https:\/\/www.accademiasilviodamico.it\/en\/wp-json\/wp\/v2\/posts"}],"about":[{"href":"https:\/\/www.accademiasilviodamico.it\/en\/wp-json\/wp\/v2\/types\/post"}],"author":[{"embeddable":true,"href":"https:\/\/www.accademiasilviodamico.it\/en\/wp-json\/wp\/v2\/users\/7"}],"replies":[{"embeddable":true,"href":"https:\/\/www.accademiasilviodamico.it\/en\/wp-json\/wp\/v2\/comments?post=21962"}],"version-history":[{"count":1,"href":"https:\/\/www.accademiasilviodamico.it\/en\/wp-json\/wp\/v2\/posts\/21962\/revisions"}],"predecessor-version":[{"id":21963,"href":"https:\/\/www.accademiasilviodamico.it\/en\/wp-json\/wp\/v2\/posts\/21962\/revisions\/21963"}],"wp:attachment":[{"href":"https:\/\/www.accademiasilviodamico.it\/en\/wp-json\/wp\/v2\/media?parent=21962"}],"wp:term":[{"taxonomy":"category","embeddable":true,"href":"https:\/\/www.accademiasilviodamico.it\/en\/wp-json\/wp\/v2\/categories?post=21962"},{"taxonomy":"post_tag","embeddable":true,"href":"https:\/\/www.accademiasilviodamico.it\/en\/wp-json\/wp\/v2\/tags?post=21962"}],"curies":[{"name":"wp","href":"https:\/\/api.w.org\/{rel}","templated":true}]}}