{"id":21389,"date":"2023-04-28T13:04:34","date_gmt":"2023-04-28T11:04:34","guid":{"rendered":"https:\/\/www.accademiasilviodamico.it\/?p=21389"},"modified":"2023-04-28T13:08:16","modified_gmt":"2023-04-28T11:08:16","slug":"omissis-premio-nazionale-di-drammaturgia-bando-aperto-fino-al-30-giugno-2023","status":"publish","type":"post","link":"https:\/\/www.accademiasilviodamico.it\/en\/omissis-premio-nazionale-di-drammaturgia-bando-aperto-fino-al-30-giugno-2023\/","title":{"rendered":"Omissis &#8211; Premio nazionale di drammaturgia &#8211; Bando aperto fino al 30 giugno 2023"},"content":{"rendered":"<p style=\"text-align: center;\"><strong>Omissis &#8211; Premio nazionale di drammaturgia<\/strong><strong><br \/>\n<\/strong><\/p>\n<p style=\"text-align: center;\">Bando aperto fino al 30 giugno 2023<\/p>\n<p><strong>Omissis &#8211; osservatorio drammaturgico<\/strong><em>\u00a0<\/em>\u00e8 un progetto a cura di\u00a0<strong>Theatron 2.0<\/strong>, ideato per indagare e rinsaldare la funzione artistica e sociale della drammaturgia nel contesto contemporaneo.<\/p>\n<p>L\u2019esordio del progetto ha visto la creazione di una\u00a0<a href=\"https:\/\/webzine.theatronduepuntozero.it\/omissis-piattaforma-digitale\/\"><strong>piattaforma digitale<\/strong><\/a>\u00a0gratuita e liberamente accessibile, dedicata a giovani autori e autrici,\u00a0selezionati dal team creativo di Theatron 2.0.<br \/>\nCiascuno di essi dispone di una\u00a0<strong>pagina multimediale personalizzata<\/strong>, in costante aggiornamento, in cui sono raccolti materiali eterogenei: testi integrali, schede tecniche delle opere, video di presentazione, curriculum vitae, articoli, interviste e recensioni utili all\u2019approfondimento del percorso artistico.<\/p>\n<p>Il grande riscontro di utenza pervenuto ha dimostrato la necessit\u00e0 di intensificare la diffusione della drammaturgia contemporanea, consolidando la volont\u00e0 di offrire alle voci pi\u00f9 interessanti del panorama autoriale uno spazio di espressione e di visibilit\u00e0.<\/p>\n<p>Da queste premesse nasce il\u00a0<a href=\"https:\/\/webzine.theatronduepuntozero.it\/omissis-premio-di-drammaturgia\/\"><strong>Premio nazionale di drammaturgia Omissis<\/strong><\/a>, ideato da\u00a0<strong>Theatron 2.0<\/strong>,\u00a0con la direzione generale di\u00a0<strong>Cesare D\u2019Arco<\/strong>\u00a0e\u00a0<strong>Ornella Rosato<\/strong>,\u00a0in collaborazione con il<strong>\u00a0Teatro Bellini di Napoli<\/strong>.<\/p>\n<p>Il<strong>\u00a0bando di concorso<\/strong>\u00a0del Premio di drammaturgia Omissis \u00e8 rivolto ad\u00a0<strong>autori e autrici under 35\u00a0<\/strong>e prevede tra le<strong>\u00a0<\/strong>sue<strong>\u00a0premialit\u00e0<\/strong>: 2000 euro all\u2019autore\u00a0dell\u2019opera vincitrice; la lettura scenica dell\u2019opera vincitrice al Teatro Bellini di Napoli a cura di\u00a0<strong>Situazione Drammatica<\/strong>; mentorship a cura del drammaturgo\u00a0<strong>Davide Carnevali<\/strong>\u00a0dedicata all\u2019internazionalizzazione del percorso professionale.\u00a0Il\u00a0<strong>Teatro Bellini<\/strong>\u00a0di Napoli si riserva la possibilit\u00e0 di sostenere produttivamente uno dei testi finalisti.<\/p>\n<p>Il bando avr\u00e0 validit\u00e0 a partire dal\u00a0<strong>18 aprile 2023\u00a0<\/strong>con scadenza il giorno\u00a0<strong>30 giugno 2023<\/strong>.<\/p>\n<p>La giuria \u00e8 composta da:\u00a0<strong>Liv Ferracchiati\u00a0<\/strong>(drammaturgo, regista, performer),\u00a0<strong>Rita Frongia<\/strong>\u00a0(drammaturga),\u00a0<strong>Giuliana Musso\u00a0<\/strong>(drammaturga, attrice),\u00a0<strong>Michele Panella<\/strong>\u00a0(Situazione Drammatica\/Proxima Res),\u00a0<strong>Ornella Rosato<\/strong>\u00a0(Theatron 2.0),\u00a0<strong>Daniele Russo<\/strong>\u00a0(Teatro Bellini di Napoli),\u00a0<strong>Laura Tedesco<\/strong>\u00a0(Attrice, coordinatrice gruppo drammaturgia Amleta),\u00a0<strong>Alessandro Toppi\u00a0<\/strong>(La Repubblica Napoli, La Falena).<\/p>\n<p>Per rafforzare l\u2019azione di promozione della drammaturgia contemporanea\u00a0 presso un target di giovani lettori e lettrici, inoltre, sar\u00e0 costituito un\u00a0<strong>comitato di studenti e studentesse universitari under 30<\/strong>, che prender\u00e0 in esame i cinque testi finalisti del premio, decretati dalla giuria di esperti. Al\u00a0<strong>comitato giovani\u00a0<\/strong>sar\u00e0 affidata\u00a0la scelta di un\u2019opera cui assegnare un premio in denaro.<\/p>\n<p>Durante la serata di premiazione che si svolger\u00e0 il\u00a0<strong>29 novembre 2023<\/strong>\u00a0al\u00a0<strong>Teatro Bellini di Napoli<\/strong>, si terr\u00e0 la lettura scenica del testo vincitore a cura di\u00a0<strong>Situazione Drammatica\/il copione<\/strong>.<\/p>\n<p>Theatron 2.0 crede nel valore della creazione drammaturgica per la sua capacit\u00e0 di restituire il tempo presente, di leggere i cambiamenti della societ\u00e0 e di portarne alla luce storture, urgenze, trasformazioni. Per questo sar\u00e0 avviato un\u00a0<strong>ciclo di ricerca partecipato<\/strong>,<strong>\u00a0<\/strong>articolato in tre meetup \u2013 gratuiti e aperti a tutti e a tutte \u2013 che, da giugno 2023, toccheranno Roma, Milano e Napoli. Gli appuntamenti saranno l\u2019occasione per discutere dello stato di salute della drammaturgia contemporanea, mappare buone e cattive pratiche, raccogliere istanze e riflessioni.<\/p>\n<p>Gli esiti del ciclo di ricerca costituiranno il cuore tematico di un\u00a0<strong>convegno nazionale<\/strong>\u00a0<strong>dedicato alla drammaturgia contemporanea<\/strong>\u00a0previsto per l\u2019autunno 2023, durante il quale interverranno artisti, autori, studiosi, ricercatori, critici, produttori.<\/p>\n<p>Gli atti del convegno confluiranno in un volume edito da\u00a0<strong>Editoria &amp; Spettacolo<\/strong>\u00a0che conterr\u00e0 inoltre le<strong>\u00a0cinque drammaturgie finaliste<\/strong>.<\/p>\n<p><strong>Bando completo:\u00a0<\/strong><a href=\"https:\/\/webzine.theatronduepuntozero.it\/omissis-premio-di-drammaturgia\/\"><strong>https:\/\/webzine.theatronduepuntozero.it\/omissis-premio-di-drammaturgia\/<\/strong><\/a><br \/>\n<strong>Per informazioni:<\/strong>\u00a0<a href=\"mailto:premio.omissis@gmail.com\"><strong>premio.omissis@gmail.com<\/strong><\/a><\/p>\n","protected":false},"excerpt":{"rendered":"<p>Omissis &#8211; Premio nazionale di drammaturgia Bando aperto fino al 30 giugno 2023 Omissis &#8211; osservatorio drammaturgico\u00a0\u00e8 un progetto a&#8230;<\/p>\n","protected":false},"author":7,"featured_media":21390,"comment_status":"closed","ping_status":"closed","sticky":false,"template":"","format":"standard","meta":{"_acf_changed":false,"footnotes":""},"categories":[61,50],"tags":[],"class_list":["post-21389","post","type-post","status-publish","format-standard","has-post-thumbnail","hentry","category-bandi","category-dal-mondo-dello-spettacolo","course_type-regia","course_type-drammaturgia"],"acf":[],"_links":{"self":[{"href":"https:\/\/www.accademiasilviodamico.it\/en\/wp-json\/wp\/v2\/posts\/21389","targetHints":{"allow":["GET"]}}],"collection":[{"href":"https:\/\/www.accademiasilviodamico.it\/en\/wp-json\/wp\/v2\/posts"}],"about":[{"href":"https:\/\/www.accademiasilviodamico.it\/en\/wp-json\/wp\/v2\/types\/post"}],"author":[{"embeddable":true,"href":"https:\/\/www.accademiasilviodamico.it\/en\/wp-json\/wp\/v2\/users\/7"}],"replies":[{"embeddable":true,"href":"https:\/\/www.accademiasilviodamico.it\/en\/wp-json\/wp\/v2\/comments?post=21389"}],"version-history":[{"count":1,"href":"https:\/\/www.accademiasilviodamico.it\/en\/wp-json\/wp\/v2\/posts\/21389\/revisions"}],"predecessor-version":[{"id":21391,"href":"https:\/\/www.accademiasilviodamico.it\/en\/wp-json\/wp\/v2\/posts\/21389\/revisions\/21391"}],"wp:featuredmedia":[{"embeddable":true,"href":"https:\/\/www.accademiasilviodamico.it\/en\/wp-json\/wp\/v2\/media\/21390"}],"wp:attachment":[{"href":"https:\/\/www.accademiasilviodamico.it\/en\/wp-json\/wp\/v2\/media?parent=21389"}],"wp:term":[{"taxonomy":"category","embeddable":true,"href":"https:\/\/www.accademiasilviodamico.it\/en\/wp-json\/wp\/v2\/categories?post=21389"},{"taxonomy":"post_tag","embeddable":true,"href":"https:\/\/www.accademiasilviodamico.it\/en\/wp-json\/wp\/v2\/tags?post=21389"}],"curies":[{"name":"wp","href":"https:\/\/api.w.org\/{rel}","templated":true}]}}