{"id":21025,"date":"2023-02-25T11:12:12","date_gmt":"2023-02-25T10:12:12","guid":{"rendered":"https:\/\/www.accademiasilviodamico.it\/?p=21025"},"modified":"2023-02-25T11:12:12","modified_gmt":"2023-02-25T10:12:12","slug":"pallida-madre-tenera-sorella-drammaturgia-tedesca-contemporanea","status":"publish","type":"post","link":"https:\/\/www.accademiasilviodamico.it\/en\/pallida-madre-tenera-sorella-drammaturgia-tedesca-contemporanea\/","title":{"rendered":"PALLIDA MADRE, TENERA SORELLA &#8211; Drammaturgia tedesca contemporanea"},"content":{"rendered":"<div class=\"elementor-element elementor-element-fa5b188 elementor-widget elementor-widget-text-editor\" data-id=\"fa5b188\" data-element_type=\"widget\" data-widget_type=\"text-editor.default\">\n<div class=\"elementor-widget-container\">\n<p style=\"text-align: center;\"><strong>PALLIDA MADRE, TENERA SORELLA<\/strong><\/p>\n<p style=\"text-align: center;\"><strong>Drammaturgia tedesca contemporanea<\/strong><\/p>\n<p style=\"text-align: center;\">Quattro letture sceniche a cura dell\u2019Istituto Italiano di Studi Germanici<\/p>\n<p style=\"text-align: center;\">Progetto con la supervisione di Piero Maccarinelli<\/p>\n<p style=\"text-align: center;\">3 \u2013 5 \u2013 17 e 19 aprile 2023<\/p>\n<p style=\"text-align: center;\">Ore 20.30<\/p>\n<p style=\"text-align: center;\">Ingresso libero<\/p>\n<p>&nbsp;<\/p>\n<p>Il teatro contemporaneo di lingua tedesca offre un panorama vitalissimo, attraversato da spinte creative, passioni formali e riflessioni politiche molteplici, che si intrecciano in modi spesso inaspettati e sempre coinvolgenti. Il Teatro Parioli ne offre uno spaccato attraverso quattro letture sceniche rivolte a professionisti, appassionati di teatro e a chiunque sia interessato a conoscere alcune delle voci pi\u00f9 significative della drammaturgia contemporanea. I quattro testi presentati sono legati da un fil rouge tematico: quello del terrore, del terrorismo in diverse sue declinazioni.<\/p>\n<p>Si parte da uno dei drammi di maggior successo degli ultimi anni, <em>Terror<\/em> (2015) di Ferdinand von Schirach. La scena \u00e8 un tribunale, dove si processa un maggiore dell\u2019aviazione tedesca che, contravvenendo agli ordini ricevuti, abbatte un aereo con 164 passeggeri dirottato da un terrorista e sul punto abbattersi su uno stadio di calcio strapieno di tifosi. Alla fine il pubblico in sala \u00e8 chiamato a fungere da giuria, perch\u00e9 la responsabilit\u00e0 del giudizio di un caso del genere non pu\u00f2 essere delegata a un individuo soltanto.<\/p>\n<p>Il secondo testo, <em>Strage omicida, un gioco da ragazzi<\/em> (2006), di Thomas Freyer, si ispira a un fatto reale per raccontare la storia di adolescenti spaesati nella Germania est dopo la caduta del Muro, la loro disperazione, il loro senso di impotenza di fronte al conformismo dietro il quale genitori e insegnanti nascondono le colpe del passato. E la loro rabbia repressa alla fine si tramuta in una furia omicida che segue il ritmo di una canzone rap e le movenze di un videogioco.<\/p>\n<p>Pi\u00f9 indietro nel tempo ci riporta <em>Leviathan<\/em> (1993) di Dea Loher, che con un linguaggio essenziale, intenso e potente rievoca le ore drammatiche in cui Ulrike Meinhof prende la decisione definitiva di<\/p>\n<p>abbandonare tutto \u2013 le figlie, i riconoscimenti, il benessere \u2013 per darsi alla lotta armata e fondare la Roten Armee Fraktion, uno dei gruppi terroristici pi\u00f9 celebri del Novecento.<\/p>\n<p>Infine un testo di Max Frisch, <em>Il conte \u00d6derland<\/em> (1951), in cui ritorna una furia omicida, apparentemente senza ragioni. Un irrepresenbile impiegato di banca uccide un usciere senza saper dire il perch\u00e9. Un procuratore comprende le ragioni dell\u2019assassino a tal punto da imitarlo e andarsene in giro uccidendo chiunque ostacoli il suo desiderio di essere libero. Un <span style=\"color: #000000;\">dramma sulla nostalgia inappagabile della libert\u00e0 e sull\u2019impossibilit\u00e0 della rivolta.<\/span><\/p>\n<h3 style=\"text-align: center;\"><a class=\"elementor-button-link elementor-button elementor-size-md\" role=\"button\" href=\"https:\/\/www.ilparioli.it\/candidatura\/\"><span class=\"elementor-button-content-wrapper\"><span class=\"elementor-button-text\"><span style=\"color: #ff0000;\"><strong>INVIA LA TUA CANDIDATURA<\/strong><\/span><\/span><\/span><\/a><\/h3>\n<\/div>\n<section class=\"elementor-section elementor-top-section elementor-element elementor-element-6ddf450 elementor-section-boxed elementor-section-height-default elementor-section-height-default\" data-id=\"6ddf450\" data-element_type=\"section\" data-settings=\"{&quot;background_background&quot;:&quot;classic&quot;}\">\n<div class=\"elementor-container elementor-column-gap-default\">\n<div class=\"elementor-column elementor-col-100 elementor-top-column elementor-element elementor-element-ed40ae5\" data-id=\"ed40ae5\" data-element_type=\"column\">\n<div class=\"elementor-widget-wrap elementor-element-populated\">\n<div class=\"elementor-element elementor-element-fe1696f elementor-widget elementor-widget-text-editor\" data-id=\"fe1696f\" data-element_type=\"widget\" data-widget_type=\"text-editor.default\">\n<div class=\"elementor-widget-container\">\n<p>&nbsp;<\/p>\n<p>Dedicato agli allievi del Centro Sperimentale di cinematografia, Accademia Silvio D\u2019Amico e Scuola Pasolini.<\/p>\n<p>Per il mese di aprile stiamo organizzando, presso il Teatro Parioli, 4 appuntamenti di letture sceniche (3-5-17-19 aprile 2023) dedicate alla drammaturgia tedesca in collaborazione con l\u2019istituto Italiano di Studi Germanici, e saremmo felici di poter coinvolgere alcuni dei vostri studenti che fossero interessati a questa esperienza lavorativa di palcoscenico, formativa e propedeutica alla futura carriera che li aspetta.<\/p>\n<p>La regia delle letture sar\u00e0 affidata al regista Roberto Di Maio, diplomato presso il Centro Sperimentale di Cinematografia.<\/p>\n<p>La ricerca di giovani studenti da coinvolgere \u00e8 rivolta a 12 attori complessivamente, 3 per ciascuno dei 4 testi affrontati, il cui elenco trovate nel <a href=\"https:\/\/www.ilparioli.it\/wp-content\/uploads\/2023\/02\/Elenco-Attori.pdf\" target=\"_blank\" rel=\"noopener\">file allegato<\/a>.<\/p>\n<p><strong>Alleghiamo inoltre <a href=\"https:\/\/www.ilparioli.it\/wp-content\/uploads\/2023\/02\/Testo-lettura.pdf\" target=\"_blank\" rel=\"noopener\">una scena<\/a> che il regista chiederebbe di leggere ai candidati, un breve\u00a0estratto dal testo Furia Assassina da leggere in video e inviare come provino\/self tape per gli studenti interessati,\u00a0nel video si chiede di specificare Nome, Cognome e Et\u00e0, poi LEGGERE il testo, interpretandolo ovviamente, e caricare il video su youtube o vimeo, non con wetransfer, ed inoltrarlo alla mail <a href=\"mailto:robertodimaio85@gmail.com\">robertodimaio85@gmail.com<\/a>, entro e non oltre il 3 marzo alle ore 19.00.<\/strong><\/p>\n<p>Sar\u00e0 cura del regista contattare gli attori selezionati per un incontro in presenza presso il teatro Parioli nel mese di marzo.<\/p>\n<p>Per gli allievi scelti \u00e8 previsto un rimborso spese di 100 euro a prestazione.<\/p>\n<\/div>\n<\/div>\n<\/div>\n<\/div>\n<\/div>\n<\/section>\n<section class=\"elementor-section elementor-top-section elementor-element elementor-element-aeddc03 elementor-section-boxed elementor-section-height-default elementor-section-height-default\" data-id=\"aeddc03\" data-element_type=\"section\" data-settings=\"{&quot;background_background&quot;:&quot;classic&quot;}\">\n<div class=\"elementor-container elementor-column-gap-default\">\n<div class=\"elementor-column elementor-col-50 elementor-top-column elementor-element elementor-element-4b6bac8\" data-id=\"4b6bac8\" data-element_type=\"column\">\n<div class=\"elementor-widget-wrap elementor-element-populated\">\n<div class=\"elementor-element elementor-element-4643453 elementor-align-center elementor-widget elementor-widget-button\" data-id=\"4643453\" data-element_type=\"widget\" data-widget_type=\"button.default\">\n<div class=\"elementor-widget-container\">\n<div class=\"elementor-button-wrapper\"><span style=\"color: #ff0000;\"><strong><a class=\"elementor-button-link elementor-button elementor-size-md\" style=\"color: #ff0000;\" role=\"button\" href=\"https:\/\/www.ilparioli.it\/wp-content\/uploads\/2023\/02\/Elenco-Attori.pdf\" target=\"_blank\" rel=\"noopener\"> <span class=\"elementor-button-content-wrapper\"> <span class=\"elementor-button-text\">ELENCO ATTORI<\/span> <\/span> <\/a><\/strong><\/span><\/div>\n<\/div>\n<\/div>\n<\/div>\n<\/div>\n<div class=\"elementor-column elementor-col-50 elementor-top-column elementor-element elementor-element-2b631cb\" data-id=\"2b631cb\" data-element_type=\"column\">\n<div class=\"elementor-widget-wrap elementor-element-populated\">\n<div class=\"elementor-element elementor-element-219c6a5 elementor-align-center elementor-widget elementor-widget-button\" data-id=\"219c6a5\" data-element_type=\"widget\" data-widget_type=\"button.default\">\n<div class=\"elementor-widget-container\">\n<div class=\"elementor-button-wrapper\"><span style=\"color: #ff0000;\"><strong><a class=\"elementor-button-link elementor-button elementor-size-md\" style=\"color: #ff0000;\" role=\"button\" href=\"https:\/\/www.ilparioli.it\/wp-content\/uploads\/2023\/02\/Testo-lettura.pdf\" target=\"_blank\" rel=\"noopener\"> <span class=\"elementor-button-content-wrapper\"> <span class=\"elementor-button-text\">TESTO LETTURA<\/span> <\/span> <\/a><\/strong><\/span><\/div>\n<\/div>\n<\/div>\n<\/div>\n<\/div>\n<\/div>\n<\/section>\n<\/div>\n","protected":false},"excerpt":{"rendered":"<p>PALLIDA MADRE, TENERA SORELLA Drammaturgia tedesca contemporanea Quattro letture sceniche a cura dell\u2019Istituto Italiano di Studi Germanici Progetto con la&#8230;<\/p>\n","protected":false},"author":7,"featured_media":0,"comment_status":"closed","ping_status":"closed","sticky":false,"template":"","format":"standard","meta":{"_acf_changed":false,"footnotes":""},"categories":[81,50,60,82],"tags":[],"class_list":["post-21025","post","type-post","status-publish","format-standard","hentry","category-casting","category-dal-mondo-dello-spettacolo","category-laboratori","category-spettacoli","course_type-recitazione","course_type-drammaturgia"],"acf":[],"_links":{"self":[{"href":"https:\/\/www.accademiasilviodamico.it\/en\/wp-json\/wp\/v2\/posts\/21025","targetHints":{"allow":["GET"]}}],"collection":[{"href":"https:\/\/www.accademiasilviodamico.it\/en\/wp-json\/wp\/v2\/posts"}],"about":[{"href":"https:\/\/www.accademiasilviodamico.it\/en\/wp-json\/wp\/v2\/types\/post"}],"author":[{"embeddable":true,"href":"https:\/\/www.accademiasilviodamico.it\/en\/wp-json\/wp\/v2\/users\/7"}],"replies":[{"embeddable":true,"href":"https:\/\/www.accademiasilviodamico.it\/en\/wp-json\/wp\/v2\/comments?post=21025"}],"version-history":[{"count":1,"href":"https:\/\/www.accademiasilviodamico.it\/en\/wp-json\/wp\/v2\/posts\/21025\/revisions"}],"predecessor-version":[{"id":21026,"href":"https:\/\/www.accademiasilviodamico.it\/en\/wp-json\/wp\/v2\/posts\/21025\/revisions\/21026"}],"wp:attachment":[{"href":"https:\/\/www.accademiasilviodamico.it\/en\/wp-json\/wp\/v2\/media?parent=21025"}],"wp:term":[{"taxonomy":"category","embeddable":true,"href":"https:\/\/www.accademiasilviodamico.it\/en\/wp-json\/wp\/v2\/categories?post=21025"},{"taxonomy":"post_tag","embeddable":true,"href":"https:\/\/www.accademiasilviodamico.it\/en\/wp-json\/wp\/v2\/tags?post=21025"}],"curies":[{"name":"wp","href":"https:\/\/api.w.org\/{rel}","templated":true}]}}