{"id":21011,"date":"2023-02-23T13:41:17","date_gmt":"2023-02-23T12:41:17","guid":{"rendered":"https:\/\/www.accademiasilviodamico.it\/?p=21011"},"modified":"2023-02-23T13:43:49","modified_gmt":"2023-02-23T12:43:49","slug":"festen-il-gioco-della-verita-alla-sala-umberto-roma","status":"publish","type":"post","link":"https:\/\/www.accademiasilviodamico.it\/en\/festen-il-gioco-della-verita-alla-sala-umberto-roma\/","title":{"rendered":"FESTEN IL GIOCO DELLA VERIT\u00c0 alla sala UMBERTO &#8211; Roma"},"content":{"rendered":"<p style=\"text-align: center;\"><strong>DANILO NIGRELLI | IRENE IVALDI<\/strong><\/p>\n<p style=\"text-align: center;\"><strong>FESTEN IL GIOCO DELLA VERIT\u00c0<\/strong><\/p>\n<p style=\"text-align: center;\">CON <strong>ROBERTA CALIA <\/strong>| <strong>YURI D\u2019AGOSTINO <\/strong>| <strong>ELIO D\u2019ALESSANDRO <\/strong>| <strong>ROBERTA LANAVE BARBARA MAZZI <\/strong>| <strong>RAFFAELE MUSELLA <\/strong>| <strong>ANGELO TRONCA<\/strong><\/p>\n<p style=\"text-align: center;\">Regia di <strong>Marco Lorenzi<\/strong><\/p>\n<p>Festen \u00e8 un abisso. Quando ho iniziato a lavorare alla trasposizione teatrale del film cult di Thomas Vinterberg, ero affascinato dalla potenza delle dinamiche familiari e dall&#8217;impertinenza linguistica. Festen ci chiama in causa, ci sposta dall\u2019indifferenza in cui pericolosamente rischiamo di scivolare ogni giorno di pi\u00f9, soprattutto in un tempo costellato da paure e incertezze come il nostro.<br \/>\nFesten racconta di una grande famiglia dell\u2019alta borghesia danese, che si riunisce per festeggiare il sessantesimo compleanno del patriarca Helge. Alla festa sono presenti anche i tre figli, e il momento di svolta sar\u00e0 il discorso di auguri del figlio maggiore Christian che cambier\u00e0 per sempre gli equilibri della famiglia\u2026 L\u2019opera scava all\u2019interno dei tab\u00f9 pi\u00f9 scomodi, affrontando la nostra relazione con la figura paterna, la verit\u00e0, il rapporto con il potere e l\u2019autorit\u00e0 imposta. Impossibile non pensare ad Amleto, alla tragedia greca, ma anche all\u2019universo favolistico dei Fratelli Grimm.<br \/>\nChi potrebbe mai tentare di rovesciare il mondo dei nostri padri?<\/p>\n<p class=\"xdefault\"><span style=\"font-family: 'Calibri',sans-serif;\">in scena <\/span><b><span style=\"font-family: 'Calibri',sans-serif; color: windowtext;\">dal 28 febbraio al 5 marzo <\/span><\/b><b><span style=\"font-family: 'Calibri',sans-serif;\">2023<\/span><\/b><b><span style=\"font-family: 'Calibri',sans-serif; color: #222222;\">.<\/span><\/b><\/p>\n<p class=\"xmsonormal\"><span style=\"font-size: 12.0pt;\">Promozioni dedicate con <b>biglietti a partire da 10 euro <\/b>per gli allievi dell&#8217;Accademia.<\/span><\/p>\n","protected":false},"excerpt":{"rendered":"<p>DANILO NIGRELLI | IRENE IVALDI FESTEN IL GIOCO DELLA VERIT\u00c0 CON ROBERTA CALIA | YURI D\u2019AGOSTINO | ELIO D\u2019ALESSANDRO |&#8230;<\/p>\n","protected":false},"author":7,"featured_media":21014,"comment_status":"closed","ping_status":"closed","sticky":false,"template":"","format":"standard","meta":{"_acf_changed":false,"footnotes":""},"categories":[50,59,68],"tags":[],"class_list":["post-21011","post","type-post","status-publish","format-standard","has-post-thumbnail","hentry","category-dal-mondo-dello-spettacolo","category-eventi","category-promozioni","course_type-recitazione","course_type-regia","course_type-critica-giornalistica","course_type-drammaturgia"],"acf":[],"_links":{"self":[{"href":"https:\/\/www.accademiasilviodamico.it\/en\/wp-json\/wp\/v2\/posts\/21011","targetHints":{"allow":["GET"]}}],"collection":[{"href":"https:\/\/www.accademiasilviodamico.it\/en\/wp-json\/wp\/v2\/posts"}],"about":[{"href":"https:\/\/www.accademiasilviodamico.it\/en\/wp-json\/wp\/v2\/types\/post"}],"author":[{"embeddable":true,"href":"https:\/\/www.accademiasilviodamico.it\/en\/wp-json\/wp\/v2\/users\/7"}],"replies":[{"embeddable":true,"href":"https:\/\/www.accademiasilviodamico.it\/en\/wp-json\/wp\/v2\/comments?post=21011"}],"version-history":[{"count":2,"href":"https:\/\/www.accademiasilviodamico.it\/en\/wp-json\/wp\/v2\/posts\/21011\/revisions"}],"predecessor-version":[{"id":21015,"href":"https:\/\/www.accademiasilviodamico.it\/en\/wp-json\/wp\/v2\/posts\/21011\/revisions\/21015"}],"wp:featuredmedia":[{"embeddable":true,"href":"https:\/\/www.accademiasilviodamico.it\/en\/wp-json\/wp\/v2\/media\/21014"}],"wp:attachment":[{"href":"https:\/\/www.accademiasilviodamico.it\/en\/wp-json\/wp\/v2\/media?parent=21011"}],"wp:term":[{"taxonomy":"category","embeddable":true,"href":"https:\/\/www.accademiasilviodamico.it\/en\/wp-json\/wp\/v2\/categories?post=21011"},{"taxonomy":"post_tag","embeddable":true,"href":"https:\/\/www.accademiasilviodamico.it\/en\/wp-json\/wp\/v2\/tags?post=21011"}],"curies":[{"name":"wp","href":"https:\/\/api.w.org\/{rel}","templated":true}]}}