{"id":20943,"date":"2023-02-06T11:07:20","date_gmt":"2023-02-06T10:07:20","guid":{"rendered":"https:\/\/www.accademiasilviodamico.it\/?p=20943"},"modified":"2023-02-06T11:08:34","modified_gmt":"2023-02-06T10:08:34","slug":"festival-trame-contemporanee-di-molfetta-premio-alla-drammaturgia","status":"publish","type":"post","link":"https:\/\/www.accademiasilviodamico.it\/en\/festival-trame-contemporanee-di-molfetta-premio-alla-drammaturgia\/","title":{"rendered":"Festival Trame Contemporanee di Molfetta &#8211; Premio alla Drammaturgia"},"content":{"rendered":"<div class=\"elementor-element elementor-element-02565fa elementor-widget elementor-widget-text-editor\" data-id=\"02565fa\" data-element_type=\"widget\" data-widget_type=\"text-editor.default\">\n<div class=\"elementor-widget-container\">\n<p>Il Premio alla Drammaturgia Trame Contemporanee rientra nell\u2019 ambito dell\u2019 omonimo progetto di Festival dedicato alla drammaturgia contemporanea, promosso dall\u2019Associazione Malalingua ETS con il sostegno del Ministero della Cultura, della Regione Puglia, del Comune di Molfetta, con la partnership di Teatri di Bari e con il patrocinio del Comune di Bari.<\/p>\n<p>L\u2019intero progetto Trame Contemporanee ha come finalit\u00e0 principale quella di essere un osservatorio stimolante e critico sulla produzione drammaturgica nazionale, di incentivarne la crescita e lo sviluppo e di favorire l\u2019incontro con le pi\u00f9 interessanti esperienze drammaturgiche a livello internazionale. In questo ambito si inserisce il Premio alla Drammaturgia, che avr\u00e0 una cadenza annuale e sar\u00e0 una preziosa opportunit\u00e0 di riflessione e valorizzazione della scrittura per il teatro nel nostro Paese, oltre a contribuire in maniera attiva alla crescita e alla visibilit\u00e0 dei tanti talenti che hanno eletto la drammaturgia a propria forma artistica di espressione.<\/p>\n<\/div>\n<p><a href=\"http:\/\/www.associazionemalalingua.it\/primo-premio-alla-drammaturgia\/\"><strong>http:\/\/www.associazionemalalingua.it\/primo-premio-alla-drammaturgia\/<\/strong><\/a><\/p>\n<\/div>\n","protected":false},"excerpt":{"rendered":"<p>Il Premio alla Drammaturgia Trame Contemporanee rientra nell\u2019 ambito dell\u2019 omonimo progetto di Festival dedicato alla drammaturgia contemporanea, promosso dall\u2019Associazione&#8230;<\/p>\n","protected":false},"author":7,"featured_media":20946,"comment_status":"closed","ping_status":"closed","sticky":false,"template":"","format":"standard","meta":{"_acf_changed":false,"footnotes":""},"categories":[61,50],"tags":[],"class_list":["post-20943","post","type-post","status-publish","format-standard","has-post-thumbnail","hentry","category-bandi","category-dal-mondo-dello-spettacolo","course_type-drammaturgia"],"acf":[],"_links":{"self":[{"href":"https:\/\/www.accademiasilviodamico.it\/en\/wp-json\/wp\/v2\/posts\/20943","targetHints":{"allow":["GET"]}}],"collection":[{"href":"https:\/\/www.accademiasilviodamico.it\/en\/wp-json\/wp\/v2\/posts"}],"about":[{"href":"https:\/\/www.accademiasilviodamico.it\/en\/wp-json\/wp\/v2\/types\/post"}],"author":[{"embeddable":true,"href":"https:\/\/www.accademiasilviodamico.it\/en\/wp-json\/wp\/v2\/users\/7"}],"replies":[{"embeddable":true,"href":"https:\/\/www.accademiasilviodamico.it\/en\/wp-json\/wp\/v2\/comments?post=20943"}],"version-history":[{"count":2,"href":"https:\/\/www.accademiasilviodamico.it\/en\/wp-json\/wp\/v2\/posts\/20943\/revisions"}],"predecessor-version":[{"id":20948,"href":"https:\/\/www.accademiasilviodamico.it\/en\/wp-json\/wp\/v2\/posts\/20943\/revisions\/20948"}],"wp:featuredmedia":[{"embeddable":true,"href":"https:\/\/www.accademiasilviodamico.it\/en\/wp-json\/wp\/v2\/media\/20946"}],"wp:attachment":[{"href":"https:\/\/www.accademiasilviodamico.it\/en\/wp-json\/wp\/v2\/media?parent=20943"}],"wp:term":[{"taxonomy":"category","embeddable":true,"href":"https:\/\/www.accademiasilviodamico.it\/en\/wp-json\/wp\/v2\/categories?post=20943"},{"taxonomy":"post_tag","embeddable":true,"href":"https:\/\/www.accademiasilviodamico.it\/en\/wp-json\/wp\/v2\/tags?post=20943"}],"curies":[{"name":"wp","href":"https:\/\/api.w.org\/{rel}","templated":true}]}}