{"id":20922,"date":"2023-01-24T13:51:48","date_gmt":"2023-01-24T12:51:48","guid":{"rendered":"https:\/\/www.accademiasilviodamico.it\/?p=20922"},"modified":"2023-01-24T13:51:48","modified_gmt":"2023-01-24T12:51:48","slug":"bando-premio-lino-micciche-per-la-critica-cinematografica-v-edizione-2023","status":"publish","type":"post","link":"https:\/\/www.accademiasilviodamico.it\/en\/bando-premio-lino-micciche-per-la-critica-cinematografica-v-edizione-2023\/","title":{"rendered":"Bando Premio Lino Miccich\u00e8 per la critica cinematografica &#8211; V Edizione 2023"},"content":{"rendered":"<h5 style=\"text-align: center;\"><strong>Bando Premio Lino Miccich\u00e8 per la critica cinematografica<\/strong><br \/>\n<strong>&#8211; V Edizione 2023 &#8211;<\/strong><br \/>\n<strong>in collaborazione con la<\/strong><br \/>\n<strong>59\u00aa MOSTRA INTERNAZIONALE<\/strong><br \/>\n<strong>DEL NUOVO CINEMA<\/strong><br \/>\n<strong>Pesaro 17- 24 GIUGNO 2023<\/strong><\/h5>\n<h6 style=\"text-align: left;\">\nIl Sindacato Nazionale Critici Cinematografici Italiani \u2013 Gruppo Emilia-Romagna Marche e la Mostra Internazionale del Nuovo Cinema promuovono il Premio Lino Miccich\u00e8 per la critica Cinematografica, iniziativa realizzata con il contributo e il patrocinio della Direzione Generale Cinema e Audiovisivo del Ministero della Cultura .<\/h6>\n<h6 style=\"text-align: left;\">L\u2019Obiettivo \u00e8 avvicinare i giovani sia al lavoro critico nel campo del cinema che alle attivit\u00e0 di ricerca portate avanti, a livello internazionale, in tutti questi anni, dal festival, propongono un CONCORSO per critici\/recensori, intitolato a Lino Miccich\u00e8, fondatore della Mostra Internazionale del Nuovo Cinema con Bruno Torri, cos\u00ec articolato:<\/h6>\n<ul>\n<li style=\"text-align: left;\">A) Sezione giovanissimi (riservata agli studenti delle scuole secondarie di secondo grado): recensione della lunghezza massima di 4.000 battute (spazi inclusi) di un film uscito nelle sale cinematografiche o sulle piattaforme on line dopo il 1\u00b0 gennaio 2022.<\/li>\n<li style=\"text-align: left;\">B) Sezione (riservata agli studenti delle Universit\u00e0, Scuole di Cinema, Accademie di Belle Arti, Conservatori, ISIA, iscritti associazioni cinematografiche): saggio critico della lunghezza di massimo 8.000 battute (spazi inclusi) di un film uscito nelle sale cinematografiche dopo il 1\u00b0 gennaio 2022 o di una serie tv andata in onda dopo il 1\u00b0 gennaio 2022.<\/li>\n<\/ul>\n<h6 style=\"text-align: left;\">I partecipanti dovranno inviare un breve curriculum, indicando nome, cognome, indirizzo e-mail e numero telefonico di riferimento.<\/h6>\n<h6 style=\"text-align: left;\">Gli elaborati dovranno essere inviati in formato word o pdf al seguente indirizzo premiomicciche@gmail.com<\/h6>\n<h6 style=\"text-align: left;\">Gli elaborati dovranno essere pervenire entro domenica 28 maggio 2023. La partecipazione \u00e8 gratuita.<\/h6>\n<h6 style=\"text-align: left;\">La giuria del premio, il cui giudizio \u00e8 insindacabile, \u00e8 composta da: Pedro Armocida, Luisa Ceretto, Andrea Miccich\u00e8, Francesco Miccich\u00e8, Franco Montini, Cristiana Patern\u00f2, Paola Olivieri, Bruno Torri.<\/h6>\n<h6 style=\"text-align: left;\">La premiazione avr\u00e0 luogo nella serata conclusiva della 59\u00aa Mostra Internazionale del Nuovo Cinema che si terr\u00e0 a Pesaro dal 17 al 24 giugno 2023.<\/h6>\n<h6 style=\"text-align: left;\">I premiati riceveranno tramite e-mail la relativa comunicazione-invito entro venerd\u00ec 16 giugno 2023.<\/h6>\n<h6 style=\"text-align: left;\">I vincitori saranno chiamati a ritirare personalmente i premi assegnati.<\/h6>\n<h6 style=\"text-align: left;\">La premiazione \u00e8 composta da due Sezioni:<\/h6>\n<h6 style=\"text-align: left;\">PREMI SEZIONE A:<br \/>\n1\u00b0 premio sezione A: 300\u20ac + targa<br \/>\n2\u00b0 premio sezione A: 200\u20ac + targa<br \/>\n3\u00b0 premio sezione A: 100\u20ac + targa<br \/>\nAbbonamento annuale alla rivista \u201cCinecritica\u201d<\/h6>\n<h6 style=\"text-align: left;\">PREMI SEZIONE B:<br \/>\n1\u00b0 premio sezione B: 500\u20ac + targa<br \/>\n2\u00b0 premio sezione B: 300\u20ac + targa<br \/>\n3\u00b0 premio sezione B: 200\u20ac + targa<\/h6>\n","protected":false},"excerpt":{"rendered":"<p>Bando Premio Lino Miccich\u00e8 per la critica cinematografica &#8211; V Edizione 2023 &#8211; in collaborazione con la 59\u00aa MOSTRA INTERNAZIONALE&#8230;<\/p>\n","protected":false},"author":7,"featured_media":0,"comment_status":"closed","ping_status":"closed","sticky":false,"template":"","format":"standard","meta":{"_acf_changed":false,"footnotes":""},"categories":[61,50],"tags":[],"class_list":["post-20922","post","type-post","status-publish","format-standard","hentry","category-bandi","category-dal-mondo-dello-spettacolo","course_type-critica-giornalistica"],"acf":[],"_links":{"self":[{"href":"https:\/\/www.accademiasilviodamico.it\/en\/wp-json\/wp\/v2\/posts\/20922","targetHints":{"allow":["GET"]}}],"collection":[{"href":"https:\/\/www.accademiasilviodamico.it\/en\/wp-json\/wp\/v2\/posts"}],"about":[{"href":"https:\/\/www.accademiasilviodamico.it\/en\/wp-json\/wp\/v2\/types\/post"}],"author":[{"embeddable":true,"href":"https:\/\/www.accademiasilviodamico.it\/en\/wp-json\/wp\/v2\/users\/7"}],"replies":[{"embeddable":true,"href":"https:\/\/www.accademiasilviodamico.it\/en\/wp-json\/wp\/v2\/comments?post=20922"}],"version-history":[{"count":1,"href":"https:\/\/www.accademiasilviodamico.it\/en\/wp-json\/wp\/v2\/posts\/20922\/revisions"}],"predecessor-version":[{"id":20924,"href":"https:\/\/www.accademiasilviodamico.it\/en\/wp-json\/wp\/v2\/posts\/20922\/revisions\/20924"}],"wp:attachment":[{"href":"https:\/\/www.accademiasilviodamico.it\/en\/wp-json\/wp\/v2\/media?parent=20922"}],"wp:term":[{"taxonomy":"category","embeddable":true,"href":"https:\/\/www.accademiasilviodamico.it\/en\/wp-json\/wp\/v2\/categories?post=20922"},{"taxonomy":"post_tag","embeddable":true,"href":"https:\/\/www.accademiasilviodamico.it\/en\/wp-json\/wp\/v2\/tags?post=20922"}],"curies":[{"name":"wp","href":"https:\/\/api.w.org\/{rel}","templated":true}]}}