{"id":20709,"date":"2022-11-25T17:22:41","date_gmt":"2022-11-25T16:22:41","guid":{"rendered":"https:\/\/www.accademiasilviodamico.it\/?p=20709"},"modified":"2022-11-25T17:22:41","modified_gmt":"2022-11-25T16:22:41","slug":"bandi-scuola-di-emilia-romagna-teatro-ert-teatro-nazionale","status":"publish","type":"post","link":"https:\/\/www.accademiasilviodamico.it\/en\/bandi-scuola-di-emilia-romagna-teatro-ert-teatro-nazionale\/","title":{"rendered":"Bandi Scuola di Emilia Romagna Teatro ERT \/ Teatro Nazionale"},"content":{"rendered":"<p class=\"xmsonormal\"><b><span style=\"font-family: 'Calibri',sans-serif; color: black;\">Aperte le iscrizioni per i primi due percorsi di Alta formazione professionale gratuiti<\/span><\/b><span style=\"font-family: 'Calibri',sans-serif; color: black;\"> per <b>attrici\/attori<\/b> e <b>autrici\/autori<\/b> della stagione 2022\/23 e realizzati nell\u2019ambito dell\u2019operazione \u00a0<i>Voltati e affronta l\u2019ignoto \u2013 \u00a0<b>Scuola Internazionale di Alta Formazione Teatrale<\/b> <\/i>\u2013 Rif. PA 2022-17910\/RER, finanziata con risorse del Programma Fondo sociale europeo Plus 2021-2027 della Regione Emilia-Romagna e approvata con DGR n. 1951 del 14\/11\/2022.:<\/span><\/p>\n<p class=\"xmsonormal\" style=\"margin-left: 36.0pt; text-indent: -18.0pt;\"><span style=\"font-family: 'Calibri',sans-serif; color: black;\">&#8211;\u00a0\u00a0\u00a0\u00a0\u00a0\u00a0\u00a0\u00a0\u00a0 <b><i>Pier Paolo Pasolini \u2013 cantiere su Bestia da Stile . Alta formazione attoriale internazionale<\/i><\/b><i> <\/i>(prog.1)\u00a0guidato dal regista, attore e pedagogo francese <b>Stanislas Nordey<\/b>. <\/span><\/p>\n<p class=\"xmsonormal\" style=\"margin-left: 36.0pt; text-indent: -18.0pt;\"><span style=\"font-family: 'Calibri',sans-serif; color: black;\">&#8211;\u00a0\u00a0\u00a0\u00a0\u00a0\u00a0\u00a0\u00a0\u00a0 <b><i>Drammaturgie: Alta formazione di scrittura teatrale <\/i><\/b>(prog.2)<b> , <\/b>a cura di <b>Linda Dalisi<\/b>, <b>Angela Dematt\u00e9<\/b> e <b>Fabrizio Sinisi<\/b>. <\/span><\/p>\n<p class=\"xmsonormal\"><span style=\"font-family: 'Calibri',sans-serif;\">\u00a0<\/span><span style=\"font-family: 'Calibri',sans-serif; color: black;\">La<b> Scuola di Emilia Romagna Teatro ERT \/ Teatro Nazionale<\/b> inaugura cos\u00ec, in risposta ai mutamenti del sistema produttivo, una <b>nuova fase<\/b> sotto la <b>direzione di Valter Malosti<\/b>, proponendo un progetto formativo strutturato in <b>percorsi di Alta Formazione Internazionale<\/b>, tenuti da <b>grandi maestri della scena italiana ed estera<\/b> e <u>rivolti ad artisti gi\u00e0 diplomati in scuole e accademie teatrali e\/o con comprovate esperienze nell\u2019ambito dello spettacolo dal vivo<\/u>. <\/span><\/p>\n<p class=\"xmsonormal\"><span style=\"font-family: 'Calibri',sans-serif; color: black;\">\u00a0<\/span><b><span style=\"font-family: 'Calibri',sans-serif; color: black;\">Informazioni complete, requisiti di ammissione e modalit\u00e0 di selezione sono indicate nei bandi in allegato e pubblicati sul sito: scuola.emiliarogmagnateatro.com <\/span><\/b><\/p>\n<p class=\"xmsonormal\"><span style=\"font-family: 'Calibri',sans-serif; color: black;\">Di seguito qualche anticipazione e i link alla descrizione dettagliata dei corsi.<\/span><\/p>\n<p class=\"xmsonormal\"><span style=\"font-family: 'Calibri',sans-serif; color: black;\">\u00a0<\/span><\/p>\n<p class=\"xmsonormal\"><b><span style=\"font-family: 'Calibri',sans-serif; color: red;\">I CORSI<\/span><\/b><\/p>\n<p class=\"xmsonormal\"><b><i><span style=\"font-family: 'Calibri',sans-serif; color: black;\">Pier Paolo Pasolini \u2013 cantiere su Bestia da Stile . Alta formazione attoriale internazionale<\/span><\/i><\/b><i> <\/i><span style=\"font-family: 'Calibri',sans-serif; color: black;\">(prog.1)\u00a0guidato dal regista, attore e pedagogo francese <b>Stanislas Nordey<\/b>. <\/span><\/p>\n<p class=\"xmsonormal\"><span style=\"font-family: 'Calibri',sans-serif; color: black;\">Durante il percorso formativo, della durata di 600 ore (480 ore d\u2019aula e 120 ore di project work), le\/i frequentanti saranno guidate\/i in una nuova possibile forma di dialogo con la figura di Pier Paolo Pasolini, con la sua parola poetica, corporea e politica e con la sua opera <i>Bestia da stile,<\/i> in un percorso di approfondimento attoriale, drammaturgico, musicale, storico e cinematografico, realizzato in partenariato con Fondazione Teatro Comunale di Modena, Dipartimento di Studi Linguistici e Culturali di Universit\u00e0 degli Studi di Modena e Reggio Emilia, Dipartimento delle Arti di Alma Mater Studiorum &#8211; Universit\u00e0 di Bologna, Fondazione Cineteca di Bologna<b>. <\/b><\/span><\/p>\n<p class=\"xmsonormal\"><span style=\"font-family: 'Calibri',sans-serif; color: black;\">Al termine del percorso formativo, il regista perfezioner\u00e0 una <b>mise en espace<\/b> che andr\u00e0 <b>in scena al Teatro Storchi di Modena dal 25 al 28 maggio 2023<\/b>, i cui interpreti saranno selezionati tra le allieve e gli allievi che avranno portato a conclusione il percorso formativo e avranno cos\u00ec raggiunto il necessario grado di perfezionamento.<\/span><\/p>\n<p class=\"xmsonormal\"><b><span style=\"font-family: 'Calibri',sans-serif; color: black;\">\u00a0<\/span><\/b><b><span style=\"font-family: 'Calibri',sans-serif; color: black;\">Quando<\/span><\/b><span style=\"font-family: 'Calibri',sans-serif; color: black;\">: dal 9 gennaio al 10 maggio 2023 (con possibilit\u00e0 di recupero lezioni tra l\u201911 e il 17 maggio)<\/span><\/p>\n<p class=\"xmsonormal\"><b><span style=\"font-family: 'Calibri',sans-serif; color: black;\">Quota di iscrizione<\/span><\/b><span style=\"font-family: 'Calibri',sans-serif; color: black;\">: corso gratuito<\/span><\/p>\n<p class=\"xmsonormal\"><b><span style=\"font-family: 'Calibri',sans-serif; color: black;\">Numero massimo di partecipanti<\/span><\/b><span style=\"font-family: 'Calibri',sans-serif; color: black;\">: 15<\/span><\/p>\n<p class=\"xmsonormal\"><span style=\"font-family: 'Calibri',sans-serif; color: black;\">\u00a0<\/span><b><u><span style=\"font-family: 'Calibri',sans-serif; color: black;\">Termine per l\u2019invio delle domande di partecipazione: ore 24:00 di venerd\u00ec 9 dicembre 2022. <\/span><\/u><\/b><\/p>\n<p class=\"xmsonormal\"><span style=\"color: #ff6600;\"><strong><span style=\"font-family: 'Calibri', sans-serif;\">\u00a0<\/span><\/strong><\/span><span style=\"font-family: 'Calibri',sans-serif; color: black;\"><a href=\"https:\/\/scuola.emiliaromagnateatro.com\/2022\/11\/15\/bando-di-selezione-per-il-corso-pier-paolo-pasolini-cantiere-su-bestia-da-stile\/\"><span style=\"color: #ff6600;\"><strong>Bando di selezione per il corso Pier Paolo Pasolini &#8211; cantiere su Bestia da Stile &#8211; Iolanda Gazzerro (emiliaromagnateatro.com)<\/strong><\/span><\/a><\/span><\/p>\n<p class=\"xmsonormal\"><b><i><span style=\"font-family: 'Calibri',sans-serif; color: black;\">Drammaturgie: Alta formazione di scrittura teatrale <\/span><\/i><\/b><span style=\"font-family: 'Calibri',sans-serif; color: black;\">(prog.2)<b> , <\/b>a cura di <b>Linda Dalisi<\/b>, <b>Angela Dematt\u00e9<\/b> e <b>Fabrizio Sinisi<\/b>. <\/span><\/p>\n<p class=\"xmsonormal\"><span style=\"font-family: 'Calibri',sans-serif; color: black;\">Durante il percorso formativo, della durata di 490 ore (370 ore d\u2019aula e 120 ore di project work), si costituir\u00e0 un \u201ccantiere\u201d aperto di scrittura drammaturgica, in scambio e in condivisione con l\u2019intero gruppo di lavoro. Al termine, le allieve e gli allievi restituiranno al pubblico i brani creati in un reading, che verr\u00e0 presentato in uno degli spazi gestiti da ERT. \u00a0 <\/span><\/p>\n<p class=\"xmsonormal\"><span style=\"font-family: 'Calibri',sans-serif; color: black;\">Linda Dalisi dar\u00e0 vita a un\u2019officina, a un lavoro artigianale simile all\u2019inchiesta di un detective che attraverso domande, intuizioni, appunti e post-it, scava nella realt\u00e0 e cerca la soluzione di un enigma; Angela Dematt\u00e9 far\u00e0 dialogare gli allievi autori con le loro istanze personali pi\u00f9 profonde, cercando il racconto, la situazione, e la forma adeguata per farle affiorare; infine Fabrizio Sinisi si concentrer\u00e0 sull\u2019impiego di diverse possibilit\u00e0, lavorando su un\u2019idea di drammaturgia che parta da impulsi anche non narrativi ma tematici, concettuali, antinaturalistici, con un rapporto pi\u00f9 diretto con il tempo presente.<\/span><\/p>\n<p class=\"xmsonormal\"><span style=\"font-family: 'Calibri',sans-serif; color: black;\">La parte finale del percorso formativo delle allieve e degli allievi consister\u00e0 in un reading collettivo di brani dei testi creati durante il percorso, che sar\u00e0 presentato nell\u2019ambito delle programmazioni dei teatri e\/o degli spazi gestiti di ERT.<\/span><\/p>\n<p class=\"xmsonormal\"><span style=\"font-family: 'Calibri',sans-serif; color: black;\">Il corso \u00e8 realizzato in partenariato con <b>Associazione Riccione Teatro<\/b>.<\/span><\/p>\n<p class=\"xmsonormal\"><b><span style=\"font-family: 'Calibri',sans-serif; color: black;\">\u00a0<\/span><\/b><\/p>\n<p class=\"xmsonormal\"><b><span style=\"font-family: 'Calibri',sans-serif; color: black;\">Quando<\/span><\/b><span style=\"font-family: 'Calibri',sans-serif; color: black;\">: dal 6 febbraio al 14 maggio 2023 (con possibilit\u00e0 di eventuali recuperi di lezioni entro il 31 maggio 2023)<\/span><\/p>\n<p class=\"xmsonormal\"><b><span style=\"font-family: 'Calibri',sans-serif; color: black;\">Quota di iscrizione<\/span><\/b><span style=\"font-family: 'Calibri',sans-serif; color: black;\">: corso gratuito<\/span><\/p>\n<p class=\"xmsonormal\"><b><span style=\"font-family: 'Calibri',sans-serif; color: black;\">Numero massimo di partecipanti<\/span><\/b><span style=\"font-family: 'Calibri',sans-serif; color: black;\">: 12<\/span><\/p>\n<p class=\"xmsonormal\"><span style=\"font-family: 'Calibri',sans-serif; color: black;\">\u00a0<\/span><\/p>\n<p class=\"xmsonormal\"><b><u><span style=\"font-family: 'Calibri',sans-serif; color: black;\">Termine per l\u2019invio delle domande di partecipazione: ore 24:00 di venerd\u00ec 6 gennaio 2023.<\/span><\/u><\/b><\/p>\n<p class=\"xmsonormal\"><span style=\"font-family: 'Calibri',sans-serif; color: black;\">\u00a0<\/span><\/p>\n<p class=\"xmsonormal\"><b><span style=\"font-family: 'Calibri',sans-serif; color: black;\"><span style=\"color: #ff6600;\">\u00a0<\/span><a title=\"https:\/\/scuola.emiliaromagnateatro.com\/2022\/11\/17\/drammaturgie-alta-formazione-di-scrittura-teatrale\/\" href=\"https:\/\/scuola.emiliaromagnateatro.com\/2022\/11\/17\/drammaturgie-alta-formazione-di-scrittura-teatrale\/\"><span style=\"color: #ff6600;\">Bando di selezione per il corso Drammaturgi: Alta formazione di scrittura teatrale &#8211; Iolanda Gazzerro (Emilia Romagna Teatro Fondazione)<\/span><\/a><\/span><\/b><\/p>\n<p>&nbsp;<\/p>\n","protected":false},"excerpt":{"rendered":"<p>Aperte le iscrizioni per i primi due percorsi di Alta formazione professionale gratuiti per attrici\/attori e autrici\/autori della stagione 2022\/23&#8230;<\/p>\n","protected":false},"author":7,"featured_media":0,"comment_status":"open","ping_status":"open","sticky":false,"template":"","format":"standard","meta":{"_acf_changed":false,"footnotes":""},"categories":[61,50],"tags":[],"class_list":["post-20709","post","type-post","status-publish","format-standard","hentry","category-bandi","category-dal-mondo-dello-spettacolo","course_type-recitazione","course_type-regia","course_type-critica-giornalistica","course_type-drammaturgia"],"acf":[],"_links":{"self":[{"href":"https:\/\/www.accademiasilviodamico.it\/en\/wp-json\/wp\/v2\/posts\/20709","targetHints":{"allow":["GET"]}}],"collection":[{"href":"https:\/\/www.accademiasilviodamico.it\/en\/wp-json\/wp\/v2\/posts"}],"about":[{"href":"https:\/\/www.accademiasilviodamico.it\/en\/wp-json\/wp\/v2\/types\/post"}],"author":[{"embeddable":true,"href":"https:\/\/www.accademiasilviodamico.it\/en\/wp-json\/wp\/v2\/users\/7"}],"replies":[{"embeddable":true,"href":"https:\/\/www.accademiasilviodamico.it\/en\/wp-json\/wp\/v2\/comments?post=20709"}],"version-history":[{"count":1,"href":"https:\/\/www.accademiasilviodamico.it\/en\/wp-json\/wp\/v2\/posts\/20709\/revisions"}],"predecessor-version":[{"id":20712,"href":"https:\/\/www.accademiasilviodamico.it\/en\/wp-json\/wp\/v2\/posts\/20709\/revisions\/20712"}],"wp:attachment":[{"href":"https:\/\/www.accademiasilviodamico.it\/en\/wp-json\/wp\/v2\/media?parent=20709"}],"wp:term":[{"taxonomy":"category","embeddable":true,"href":"https:\/\/www.accademiasilviodamico.it\/en\/wp-json\/wp\/v2\/categories?post=20709"},{"taxonomy":"post_tag","embeddable":true,"href":"https:\/\/www.accademiasilviodamico.it\/en\/wp-json\/wp\/v2\/tags?post=20709"}],"curies":[{"name":"wp","href":"https:\/\/api.w.org\/{rel}","templated":true}]}}