{"id":18535,"date":"2021-08-01T07:13:40","date_gmt":"2021-08-01T05:13:40","guid":{"rendered":"http:\/\/www.accademiasilviodamico.it\/?p=18535"},"modified":"2021-08-01T07:13:40","modified_gmt":"2021-08-01T05:13:40","slug":"bando-corti-teatrali-sostantivo-gender-terza-edizione-rassegna-la-karl-du-pigne","status":"publish","type":"post","link":"https:\/\/www.accademiasilviodamico.it\/en\/bando-corti-teatrali-sostantivo-gender-terza-edizione-rassegna-la-karl-du-pigne\/","title":{"rendered":"Bando corti teatrali SOSTANTIVO GENDER Terza Edizione &#8211; Rassegna La Karl du Pign\u00e8"},"content":{"rendered":"<p><strong>\u00a0<\/strong><\/p>\n<p>&nbsp;<\/p>\n<p><strong>con il patrocinio di Accademia Nazionale d\u2019Arte Drammatica \u201cS. d\u2019Amico\u201d<\/strong><\/p>\n<p><strong>\u00a0<\/strong><\/p>\n<p>Si selezionano fino a 9 testi teatrali. Scadenza per l\u2019invio dei testi <strong>15 settembre 2021<\/strong>. Lo spettacolo vincitore verr\u00e0 inserito nella stagione 2021\/2022 del Teatro Spazio 18B.<\/p>\n<p>&nbsp;<\/p>\n<p>L\u2019esistenza di un sesso biologico non basta a determinare la nostra identit\u00e0, che \u00e8 una realt\u00e0 dinamica ed estremamente complessa, costituita dall\u2019interazione tra sesso, genere, orientamento sessuale e ruolo di genere. Nello specifico, il sesso \u00e8 determinato alla nascita, il genere invece \u00e8 un costrutto socio-culturale e varia a seconda dell\u2019epoca e della cultura in cui viviamo e delle regole sociali.<\/p>\n<p>&nbsp;<\/p>\n<p>Lo Spazio 18B con la rassegna teatrale <strong>Sostantivo Gender<\/strong> vuole dare un contributo alla costruzione di una societ\u00e0 pi\u00f9 ricca e accogliente sotto il profilo umano, sociale e culturale, in cui le differenze, legate in particolare alle identit\u00e0 di genere e di orientamento sessuale, siano portatrici di un valore.<\/p>\n<p>&nbsp;<\/p>\n<ul>\n<li>Il concorso \u00e8 rivolto ad allievi in corso e allievi diplomati dei corsi di Recitazione, Regia e del Master in Drammaturgia e Sceneggiatura diplomati negli ultimi tre (3) anni accademici.<\/li>\n<\/ul>\n<p>&nbsp;<\/p>\n<ul>\n<li>Ispirandosi alla nuova tendenza della drammaturgia anglosassone a realizzare rassegne per corti teatrali della durata massima di rappresentazione di <strong>10 minuti<\/strong> (cfr. The best 10 minute plays, Lawrence Harbison, ed.), si selezionano fino a <strong>nove (9)<\/strong> testi teatrali completi e della durata di 10 minuti, scritti appositamente per la rassegna Sostantivo Gender, per due soli attori. <strong><u>La scadenza per l\u2019invio dei testi \u00e8 prevista per il giorno 15 settembre 2021<\/u><\/strong>. Ogni partecipante potr\u00e0 inviare un solo testo, pensato per 2 (due) attori, tramite invio email con l\u2019oggetto: <strong>\u201cRassegna corti teatrali &#8211; Sostantivo Gender &#8211; Silvio d\u2019Amico 2021\u201d.<\/strong><\/li>\n<\/ul>\n<p>L\u2019invio dei testi andr\u00e0 effettuato alla mail <strong>direzione@spazio18b.com<\/strong><\/p>\n<p>&nbsp;<\/p>\n<ul>\n<li>Un\u2019apposita commissione composta dal Presidente dell\u2019Ass. Cult. \u201cLa Compagnia dei Masnadieri\u201d, da un membro delegato del Circolo di Cultura Omosessuale \u201cMario Mieli\u201d, e al Direttore dell\u2019Accademia \u201cSilvio d\u2019Amico\u201d o a un suo docente designato dal Consiglio Accademico, selezioner\u00e0 i testi migliori.<\/li>\n<\/ul>\n<p>&nbsp;<\/p>\n<ul>\n<li>I testi selezionati saranno messi in scena a cura del drammaturgo, in forma completa, per la durata massima di dieci (10) minuti ciascuno, e presentati al pubblico all\u2019interno della Terza Rassegna Corti Teatrali Sostantivo Gender \u201cLa Karl du Pign\u00e9\u201d dal 2021 presso lo Spazio 18b per la data singola di debutto del corto teatrale.<\/li>\n<\/ul>\n<p>&nbsp;<\/p>\n<ul>\n<li>Una giuria, composta da un esponente di spicco del mondo LGBT, dall\u2019autore teatrale Massimo R. Beato e da un docente designato dall\u2019Accademia \u201cS. d\u2019Amico\u201d, ogni sera assister\u00e0 alla messa in scena di tre (3) corti teatrali, dalle ore 21,00 alle ore 22,00 dal 20 al 24 ottobre 2021.<\/li>\n<\/ul>\n<p>&nbsp;<\/p>\n<ul>\n<li>Il testo che risulter\u00e0 Primo Classificato avr\u00e0 diritto alla messa in scena del testo integrale a cura de \u201cLa Compagnia dei Masnadieri\u201d, all\u2019interno della Stagione 2021\/2022 dello Spazio 18B in apertura di particolari serate evento.<\/li>\n<\/ul>\n<p>&nbsp;<\/p>\n<ul>\n<li>Il testo che risulter\u00e0 Secondo Classificato avr\u00e0 diritto ad una pergamena.<\/li>\n<\/ul>\n","protected":false},"excerpt":{"rendered":"<p>\u00a0 &nbsp; con il patrocinio di Accademia Nazionale d\u2019Arte Drammatica \u201cS. d\u2019Amico\u201d \u00a0 Si selezionano fino a 9 testi teatrali&#8230;.<\/p>\n","protected":false},"author":7,"featured_media":0,"comment_status":"open","ping_status":"open","sticky":false,"template":"","format":"standard","meta":{"_acf_changed":false,"footnotes":""},"categories":[61,50],"tags":[],"class_list":["post-18535","post","type-post","status-publish","format-standard","hentry","category-bandi","category-dal-mondo-dello-spettacolo","course_type-recitazione","course_type-regia","course_type-critica-giornalistica","course_type-drammaturgia"],"acf":[],"_links":{"self":[{"href":"https:\/\/www.accademiasilviodamico.it\/en\/wp-json\/wp\/v2\/posts\/18535","targetHints":{"allow":["GET"]}}],"collection":[{"href":"https:\/\/www.accademiasilviodamico.it\/en\/wp-json\/wp\/v2\/posts"}],"about":[{"href":"https:\/\/www.accademiasilviodamico.it\/en\/wp-json\/wp\/v2\/types\/post"}],"author":[{"embeddable":true,"href":"https:\/\/www.accademiasilviodamico.it\/en\/wp-json\/wp\/v2\/users\/7"}],"replies":[{"embeddable":true,"href":"https:\/\/www.accademiasilviodamico.it\/en\/wp-json\/wp\/v2\/comments?post=18535"}],"version-history":[{"count":1,"href":"https:\/\/www.accademiasilviodamico.it\/en\/wp-json\/wp\/v2\/posts\/18535\/revisions"}],"predecessor-version":[{"id":18536,"href":"https:\/\/www.accademiasilviodamico.it\/en\/wp-json\/wp\/v2\/posts\/18535\/revisions\/18536"}],"wp:attachment":[{"href":"https:\/\/www.accademiasilviodamico.it\/en\/wp-json\/wp\/v2\/media?parent=18535"}],"wp:term":[{"taxonomy":"category","embeddable":true,"href":"https:\/\/www.accademiasilviodamico.it\/en\/wp-json\/wp\/v2\/categories?post=18535"},{"taxonomy":"post_tag","embeddable":true,"href":"https:\/\/www.accademiasilviodamico.it\/en\/wp-json\/wp\/v2\/tags?post=18535"}],"curies":[{"name":"wp","href":"https:\/\/api.w.org\/{rel}","templated":true}]}}