{"id":18219,"date":"2021-04-09T09:54:40","date_gmt":"2021-04-09T07:54:40","guid":{"rendered":"http:\/\/www.accademiasilviodamico.it\/?p=18219"},"modified":"2021-04-09T09:57:17","modified_gmt":"2021-04-09T07:57:17","slug":"bloom-call-per-artisti-la-corte-ospitale","status":"publish","type":"post","link":"https:\/\/www.accademiasilviodamico.it\/en\/bloom-call-per-artisti-la-corte-ospitale\/","title":{"rendered":"BLOOM! Call per artisti &#8211; La corte ospitale"},"content":{"rendered":"<div dir=\"auto\">\n<p align=\"center\"><strong>Call per artisti<br \/>\n<\/strong><strong>BLOOM!\u00a0<\/strong><strong>summer camp rivolto a giovani artisti neo-diplomati diretto da Leonardo Lidi<\/strong><\/p>\n<p align=\"center\"><img loading=\"lazy\" decoding=\"async\" title=\"logo corte ospitale\" src=\"http:\/\/www.corteospitale.org\/assets\/Uploads\/_resampled\/SetWidth125-logo-corte-ospitale.png\" alt=\"logo corte ospitale\" width=\"125\" height=\"125\" \/><\/p>\n<\/div>\n<div dir=\"auto\">\n<div class=\"kvgmc6g5 cxmmr5t8 oygrvhab hcukyx3x c1et5uql ii04i59q\">\n<div dir=\"auto\">\n<div class=\"kvgmc6g5 cxmmr5t8 oygrvhab hcukyx3x c1et5uql ii04i59q\">\n<div dir=\"auto\">\n<p align=\"center\"><strong>CALL PER ARTISTI<\/strong><\/p>\n<p align=\"center\"><strong>BLOOM!\u00a0<\/strong><strong>Un percorso di ricerca, incontro e immaginazione per artisti e cittadini<\/strong><\/p>\n<p align=\"center\"><strong>un progetto de La Corte Ospitale e Leonardo Lidi<\/strong><\/p>\n<p align=\"center\">\u00ab<em>Creiamo una classe dove giovanissimi, guidati da me, possano rapportarsi con studiosi e con la materia passata per analizzare il presente. Ho riletto Aspettando Godot pochi giorni fa, prendersi adesso il tempo di Beckett per individuare il periodo dell\u2019attesa come una parentesi della vita prolifica e non devastante \u00e8 stato utile. Se \u00e8 stato utile per me pu\u00f2 essere utile anche per altri.<\/em><br \/>\n<em>Studiamo le Baccanti per individuare la nostra incapacit\u00e0 gestionale e la sensazione di disarmo.<\/em><br \/>\n<em>Studiamo Aspettando Godot e Finale di partita per individuare la forza dell\u2019attesa.<\/em><br \/>\n<em>Studiamo Edipo, Troiane, Ecuba e capiamo come riportare drammaturgicamente il nostro tempo.<\/em><br \/>\n<em>Con l\u2019obiettivo di un nuovo testo.<\/em><br \/>\n<em>Che poi saranno gli stessi ragazzi a produrre, dirigere, e recitare. Senza di me<\/em>\u00bb\u00a0Leonardo Lidi<\/p>\n<p>&nbsp;<\/p>\n<p><strong>Bloom!<\/strong> percorso di ricerca, incontro e immaginazione per artisti e cittadini, \u00e8 un<strong> summer camp rivolto a giovani artisti neo-diplomati diretto da Leonardo Lidi<\/strong>.<br \/>\n<strong>Quarantacinque giorni di residenza e di studio presso gli spazi della Corte Ospitale<\/strong> che avranno come punto di partenza i testi classici, per scoprire, attraverso le parole dei drammaturghi del passato, che cosa risuona ancora oggi nel presente, per trovare conforto o, nella distanza, provare a definire ci\u00f2 che siamo oggi e ci\u00f2 che vogliamo diventare, perch\u00e9 quelle stesse parole possano aiutare le comunit\u00e0 di artisti e cittadini e immaginare il futuro.<br \/>\nIl lavoro si svilupper\u00e0 in sala, dal confronto tra artisti, e fuori dalla sala nella relazione con i cittadini, con l\u2019obiettivo di contribuire alla riconnessione tra artisti e artisti e tra artisti e cittadini e di accompagnare i giovani talenti verso percorsi professionali, a partire all\u2019approfondimento sul campo delle proprie competenze, per poter scoprire nuove vocazioni.<br \/>\nIl summer camp si svolger\u00e0 <strong>dal 28 giugno al 6 agosto 2021<\/strong>. La chiusura del corso \u00e8 prevista a <strong>settembre 2021<\/strong>.<br \/>\nSelezioniamo <strong>15 artisti<\/strong> che abbiano seguito un <strong>percorso di formazione teatrale nell\u2019ambito della scrittura drammaturgica, della regia e dell\u2019interpretazione, che siano tuttora allievi o si siano diplomati da non pi\u00f9 di 5 anni<\/strong>.<br \/>\nGli artisti saranno selezionati in parte per chiamata diretta, in parte tramite call che sar\u00e0 diffusa dalle <strong>Accademie partner<\/strong>: Civica Scuola di Teatro Paolo Grassi di Milano, Scuola di Teatro Luca Ronconi di Milano, Bellini Teatro Factory di Napoli, Accademia Nazionale d&#8217;Arte Drammatica Silvio D&#8217;Amico di Roma, Scuola di Teatro Iolanda Gazzerro di Modena, Scuola del Teatro Stabile di Torino.<\/p>\n<p>Sono ammesse le seguenti professionalit\u00e0, nel campo del teatro e del cinema:<\/p>\n<p>&#8211;\u00a0\u00a0\u00a0\u00a0\u00a0\u00a0\u00a0\u00a0\u00a0 registi\/registe;<\/p>\n<p>&#8211;\u00a0\u00a0\u00a0\u00a0\u00a0\u00a0\u00a0\u00a0\u00a0 drammaturghi\/drammaturghe;<\/p>\n<p>&#8211;\u00a0\u00a0\u00a0\u00a0\u00a0\u00a0\u00a0\u00a0\u00a0 autori\/autrici;<\/p>\n<p>&#8211;\u00a0\u00a0\u00a0\u00a0\u00a0\u00a0\u00a0\u00a0\u00a0 attori\/attrici.<\/p>\n<p>L\u2019obiettivo \u00e8 di coinvolgere nel gruppo di studio figure ibride, professionisti non ancora completamente formati su un ruolo preciso all\u2019interno della produzione, ma che possano e vogliano dialogare in un contesto di insieme.<br \/>\nGiovani diplomati delle Accademie nazionali di teatro e\/o cinema che necessitano di un tempo protetto di studio e ricerca per trovare il senso della propria arte, proficue connessioni con il presente e le comunit\u00e0, solide vocazioni.<br \/>\nIl percorso \u00e8 guidato da <strong>Leonardo Lidi<\/strong>. Saranno inoltre organizzati e realizzati focus e confronti pi\u00f9 ristretti sulle varie professionalit\u00e0 del teatro, tenuti da professionisti in corso di definizione (scenografi, costumisti, sound designer, musicisti, produttori, organizzatori e comunicatori), al fine di fornire strumenti concreti per guardare alle creazioni dai diversi punti di vista, per dare ai partecipanti una visione d\u2019insieme e renderli consapevoli delle sinergie e delle competenze necessarie per la buona riuscita di una creazione.<\/p>\n<p>La partecipazione \u00e8 <strong>gratuita<\/strong>. Agli allievi \u00e8 garantita l\u2019<strong>ospitalit\u00e0 completa<\/strong> (vitto e alloggio) presso la foresteria della Corte Ospitale.<br \/>\nPer partecipare alla selezione \u00e8 necessario inviare il proprio<strong> Curriculum<\/strong> e un<strong> selftape di max 4 minuti<\/strong>, con la risposta alle domande:<\/p>\n<p>\u201cIn un&#8217;Italia post pandemica:\u00a0come riparte il <em>tuo<\/em> Teatro? E tu, che ruolo giochi?\u201d<\/p>\n<p><strong>Il selftape dovr\u00e0 essere inviato come link privato di Youtube<\/strong>. Il cv dovr\u00e0 pervenire <strong>entro e non oltre il 29 aprile 2021<\/strong> all\u2019indirizzo email <a href=\"mailto:bloomcorteospitale@gmail.com\">bloomcorteospitale@gmail.com<\/a>.<\/p>\n<p><strong>L\u2019esito della selezione sar\u00e0 comunicato ai selezionati entro il 18 maggio 2021<\/strong>.<\/p>\n<p><strong>Bloom!<\/strong> nasce per rintrecciare i fili, riconnettere artisti e comunit\u00e0, in forma simbolica e reale, affermando e difendendo il valore sociale, di innovazione profonda, del teatro e della cultura. Per questo motivo agli artisti si affiancheranno piccoli gruppi di cittadini, di diverse et\u00e0 e provenienza sociale. La materia di studio dello spazio di ricerca artistico, guidato da Leonardo Lidi, si intreccer\u00e0 in questo modo anche con le voci della comunit\u00e0, con l\u2019obiettivo di trovare le parole e gli spazi che possano traghettarci \u2013 insieme, artisti e cittadini- verso il futuro.<\/p>\n<p>L\u2019intero percorso sar\u00e0 raccontato dai partecipanti, per restare in contatto concreto con il mondo esterno. I materiali prodotti (podcast periodici o altre forme di restituzione pensate per i diversi target di spettatori) saranno veicolati dal web e dalla radio, in un dialogo bidirezionale interno\/esterno, da cui il gruppo si lascer\u00e0 contaminare per l\u2019elaborazione dei contenuti successivi. Cos\u00ec l\u2019eco del progetto viagger\u00e0 oltre i partecipanti diretti al progetto stesso, coinvolgendo altri artisti e altri cittadini.<\/p>\n<p><strong>Informazioni<\/strong><\/p>\n<p><a href=\"mailto:bloomcorteospitale@gmail.com\">bloomcorteospitale@gmail.com<br \/>\n<\/a><a href=\"http:\/\/www.corteospitale.org\/\">www.corteospitale.org<br \/>\n<\/a>tel. 0522621133<\/p>\n<p>&nbsp;<\/p>\n<p><strong>Leonardo Lidi<\/strong><\/p>\n<p>Diplomato nel 2012 come attore alla Scuola del Teatro Stabile di Torino, debutta con Andrea De Rosa nel Simposio di Platone nel ruolo di Socrate, per poi essere scelto da Valter Malosti per interpretare Amleto.\u00a0Successivamente il Teatro Stabile di Torino decide di affidargli lo spettacolo annuale per le scuole \u201cPeter Pan\u201d di James Matthew Barrie. Nel 2016 viene scelto da Antonio Latella per interpretare Agamennone nello spettacolo\/maratona \u201cSanta Estasi \u2013 Atridi otto ritratti di famiglia\u201d prodotto da Emilia Romagna Teatro. Lo spettacolo, invitato al Festival D\u2019Avignone, vince il Premio Ubu come miglior spettacolo dell\u2019anno 2016 e il Premio della Critica Teatrale. Inoltre tutto il cast viene premiato con il Premio Ubu miglior attore under 35.\u00a0Sempre come attore Lidi ha la possibilit\u00e0 di lavorare per Levan Tzuladze, regista georgiano e direttore del Theater Tbilisi Marjanishvili, nello spettacolo \u201cMemorie di un pazzo\u201d di Gogol e successivamente anche il regista russo Kostantin Bogomolov ingaggia Lidi per il ruolo di protagonista del suo Delitto e Castigo di Fedor Dostoevskij.\u00a0Il Teatro Stabile di Torino, in occasione dei cent\u2019anni dalla nascita della scrittrice Natalia Ginzburg, chiede a Lidi di creare un progetto speciale dando vita cos\u00ec a \u201cQualcuno che tace\u201d, trilogia dedicata all\u2019autrice con la rappresentazione di \u201cDialogo\u201d, \u201cLa Segretaria\u201d e \u201cTi ho sposato per allegria\u201d.\u00a0Nell\u2019estate del 2018 debutta al 46. Festival Internazionale del Teatro della Biennale di Venezia \u201cSpettri\u201d da Henrik Ibsen con la regia di Leonardo Lidi, spettacolo vincitore del bando registi under 30 indetto dal direttore artistico Antonio Latella.\u00a0Successivamente dirige l\u2019attore Francesco Mandelli nel monologo \u201cPropriet\u00e0 e atto\u201d di Will Eno.\u00a0Nel 2019 viene chiamato da Carmelo Rifici, direttore artistico del LAC di Lugano, per lo spettacolo lo \u201cZoo di Vetro\u201d di Tennessee Williams coprodotto con il Teatro Carcano di Milano e Fondazione TPE.\u00a0Nel 2020 dirige la sua prima opera lirica \u201cFalstaff\u201d di Giuseppe Verdi, con Luca Salsi nel ruolo del protagonista, prodotto dalla Fondazione Teatri Piacenza, Fondazione Teatro Comunale di Modena e Fondazione I Teatri di Reggio Emilia.\u00a0Nell&#8217;estate 2020 torna come regista al 48. Festival Internazionale del Teatro della Biennale di Venezia con due spettacoli: &#8220;ll lampadario&#8221; di Caroline Baglioni, testo vincitore del bando per Autori Under 40, e &#8220;La citt\u00e0 morta&#8221; da Gabriele D&#8217;Annunzio prodotto da TSU Teatro Stabile dell&#8217;Umbria e Corte Ospitale.\u00a0Sempre come regista apre la stagione 2020\/2021 del Teatro Carignano\/Teatro Stabile di Torino con la \u201cCasa di Bernarda Alba\u201d di Federico Garcia Lorca.\u00a0Per il suo lavoro di regista e drammaturgo viene insignito del Premio della Critica ANCT 2020.<\/p>\n<\/div>\n<\/div>\n<\/div>\n<\/div>\n<\/div>\n","protected":false},"excerpt":{"rendered":"<p>Call per artisti BLOOM!\u00a0summer camp rivolto a giovani artisti neo-diplomati diretto da Leonardo Lidi CALL PER ARTISTI BLOOM!\u00a0Un percorso di&#8230;<\/p>\n","protected":false},"author":6,"featured_media":0,"comment_status":"open","ping_status":"open","sticky":false,"template":"","format":"standard","meta":{"_acf_changed":false,"footnotes":""},"categories":[50,60],"tags":[],"class_list":["post-18219","post","type-post","status-publish","format-standard","hentry","category-dal-mondo-dello-spettacolo","category-laboratori"],"acf":[],"_links":{"self":[{"href":"https:\/\/www.accademiasilviodamico.it\/en\/wp-json\/wp\/v2\/posts\/18219","targetHints":{"allow":["GET"]}}],"collection":[{"href":"https:\/\/www.accademiasilviodamico.it\/en\/wp-json\/wp\/v2\/posts"}],"about":[{"href":"https:\/\/www.accademiasilviodamico.it\/en\/wp-json\/wp\/v2\/types\/post"}],"author":[{"embeddable":true,"href":"https:\/\/www.accademiasilviodamico.it\/en\/wp-json\/wp\/v2\/users\/6"}],"replies":[{"embeddable":true,"href":"https:\/\/www.accademiasilviodamico.it\/en\/wp-json\/wp\/v2\/comments?post=18219"}],"version-history":[{"count":3,"href":"https:\/\/www.accademiasilviodamico.it\/en\/wp-json\/wp\/v2\/posts\/18219\/revisions"}],"predecessor-version":[{"id":18222,"href":"https:\/\/www.accademiasilviodamico.it\/en\/wp-json\/wp\/v2\/posts\/18219\/revisions\/18222"}],"wp:attachment":[{"href":"https:\/\/www.accademiasilviodamico.it\/en\/wp-json\/wp\/v2\/media?parent=18219"}],"wp:term":[{"taxonomy":"category","embeddable":true,"href":"https:\/\/www.accademiasilviodamico.it\/en\/wp-json\/wp\/v2\/categories?post=18219"},{"taxonomy":"post_tag","embeddable":true,"href":"https:\/\/www.accademiasilviodamico.it\/en\/wp-json\/wp\/v2\/tags?post=18219"}],"curies":[{"name":"wp","href":"https:\/\/api.w.org\/{rel}","templated":true}]}}