{"id":16510,"date":"2020-02-24T16:03:32","date_gmt":"2020-02-24T15:03:32","guid":{"rendered":"http:\/\/www.accademiasilviodamico.it\/?p=16510"},"modified":"2020-02-24T16:03:57","modified_gmt":"2020-02-24T15:03:57","slug":"giusto-la-fine-del-mondo-piccolo-eliseo-di-roma-13-febbraio-1-marzo-2020","status":"publish","type":"post","link":"https:\/\/www.accademiasilviodamico.it\/en\/giusto-la-fine-del-mondo-piccolo-eliseo-di-roma-13-febbraio-1-marzo-2020\/","title":{"rendered":"Giusto la fine del mondo &#8211; Piccolo Eliseo di Roma &#8211; 13 febbraio \u2013 1 marzo 2020"},"content":{"rendered":"<h2 style=\"text-align: center;\"><em>Giusto la fine del mondo<\/em><\/h2>\n<p style=\"text-align: center;\">Di<em>\u00a0<\/em><strong>Jean-Luc Lagarce<\/strong><\/p>\n<p style=\"text-align: center;\">Traduzione<em>\u00a0<\/em><strong>Franco Quadri<\/strong><\/p>\n<p style=\"text-align: center;\">Con<\/p>\n<p style=\"text-align: center;\"><strong>Anna Bonaiuto<\/strong><\/p>\n<p style=\"text-align: center;\"><strong>Alessandro Tedeschi<\/strong><\/p>\n<p style=\"text-align: center;\"><strong>Barbara Ronchi<\/strong><\/p>\n<p style=\"text-align: center;\"><strong>Vincenzo De Michele<\/strong><\/p>\n<p style=\"text-align: center;\"><strong>Angela Curri<\/strong><\/p>\n<p style=\"text-align: center;\"><em>Scene\u00a0<\/em>Francesco Ghisu<\/p>\n<p style=\"text-align: center;\"><em>Costumi\u00a0<\/em>Cristian Spadoni<br \/>\n<em>Musiche originali\u00a0<\/em>Roberto Angelini<\/p>\n<p style=\"text-align: center;\"><em>Luci\u00a0<\/em>Giuseppe Filipponio<\/p>\n<p style=\"text-align: center;\">Regia\u00a0<strong>Francesco Frangipane<\/strong><\/p>\n<p><em>\u00a0<\/em><\/p>\n<p>Produzione\u00a0Argot Produzioni e\u00a0Fondazione Teatro Metastasio di Prato<\/p>\n<p>in collaborazione con Pierfrancesco Pisani\u00a0e Amat<\/p>\n<p>&nbsp;<\/p>\n<p><em>L\u2019autore al tempo stesso classico e contemporaneo attualmente pi\u00f9 rappresentato in Francia<\/em><\/p>\n<p><em>dopo Shakespeare e Moli\u00e8re<\/em><\/p>\n<p>&nbsp;<\/p>\n<p>Louis &#8211; uno scrittore malato di Aids e prossimo alla morte \u2013 dopo essere stato lontano da casa per dodici lunghi anni, torna nel suo paese natale per rivedere i suoi familiari e comunicare loro la notizia della sua malattia e della sua imminente morte. Ad aspettarlo trova la madre vedova, i due fratelli Antoine e Suzanne e la cognata Catherine. I membri della famiglia reagiscono tutti in maniera diversa all\u2019incontro: la sorella minore Suzanne \u00e8 sinceramente felice di poter riabbracciare il fratello e, anche se quasi non lo conosce, prova un forte senso di abbandono; nel fratello Antoine si riaccende la gelosia verso di lui, che era sempre al centro dell\u2019attenzione; la cognata Catherine, una donna gentile e insicura, cerca di metterlo a suo agio, stemperando gli eccessi del marito Antoine; la madre Martine, bench\u00e9 impreparata al ritorno del figlio, \u00e8 raggiante e fiduciosa che in famiglia possa tornare il dialogo, interrotto anni prima o forse mai veramente iniziato. Louis andr\u00e0 via la sera stessa, senza aver comunicato ai suoi il vero motivo della sua \u2018visita\u2019.<\/p>\n<p>&nbsp;<\/p>\n<p><strong><u>Note di regia<\/u><\/strong><\/p>\n<p>Una storia, quella di Louis, che si \u00e8 drammaticamente intrecciata con la vicenda personale dell\u2019autore, morto di AIDS a 38 anni. Dopo essere stato lontano da casa per dodici lunghi anni, torna nel suo paese natale per rivedere i suoi familiari e comunicare loro la notizia della sua malattia e della sua imminente morte. Ad aspettarlo, la madre vedova, i due fratelli Antoine e Suzanne, e la cognata Catherine. Una storia dell\u2019incomunicabilit\u00e0 nella quale nessuno riesce ad esprimere i propri sentimenti, dove il dialogo si riduce a inutili tentativi di riempire il vuoto con le parole. Un testo dalla poetica dirompente costruito su lunghi \ufb02ussi emotivi in cui ogni personaggio grida la propria insoddisfazione e frustrazione.Una bulimia di parole che ogni familiare vomita addosso al protagonista impedendogli di dire quello per cui \u00e8 venuto. Un Louis tramortito e confuso, avvolto in quella \u2018bolla\u2019 che lo continua a tenere distante ma che in qualche modo lo protegge. Ma anche un Louis, che uscendo da quella bolla, con estrema lucidit\u00e0 e razionalit\u00e0 si apre sinceramente e autenticamente al mondo. Il tutto in una domenica come tante.<\/p>\n<p>&nbsp;<\/p>\n<p><strong>Debutto nazionale<\/strong>\u00a0<strong>25\u00a0<\/strong>gennaio 2020 Macerata, Teatro Lauro Rossi<\/p>\n<p>&nbsp;<\/p>\n<p><strong><u>DURATA<\/u><\/strong>: 75 minuti<\/p>\n<p>&nbsp;<\/p>\n<p><strong><u>personaggi e interpreti<\/u><\/strong>:<\/p>\n<p><em>Louis<\/em>\u00a0Alessandro\u00a0<strong>Tedeschi<\/strong><\/p>\n<p><em>Martine, la madre<\/em>\u00a0Anna\u00a0<strong>Bonaiuto<\/strong><\/p>\n<p><em>Suzanne, la sorella\u00a0<\/em>Angela\u00a0<strong>Curri<\/strong><\/p>\n<p><em>Antoine, il fratello\u00a0<\/em>Vincenzo\u00a0<strong>De Michele<\/strong><\/p>\n<p><em>Catherine, la cognata\u00a0<\/em>Barbara\u00a0<strong>Ronchi<\/strong><\/p>\n<p>&nbsp;<\/p>\n<p><strong>PICCOLO ELISEO<\/strong><\/p>\n<p>Da gioved\u00ec\u00a0<strong>13\u00a0<\/strong>febbraio<strong>\u00a0<\/strong>a domenica\u00a0<strong>1<\/strong>\u00a0marzo 2020<\/p>\n<p>&nbsp;<\/p>\n<p><strong><u>Orario spettacoli<\/u><\/strong>:<\/p>\n<p>Da marted\u00ec a sabato ore\u00a0<strong>20.00<\/strong><\/p>\n<p>Domenica ore\u00a0<strong>17.00<\/strong><\/p>\n<p>riduzione a 10\u20ac, per le repliche di marted\u00ec 25, mercoled\u00ec 26 e gioved\u00ec 27 per allievi e allieve.<br \/>\nPer i biglietti con riduzione contattate la segreteria.<\/p>\n<p>&nbsp;<\/p>\n","protected":false},"excerpt":{"rendered":"<p>Giusto la fine del mondo Di\u00a0Jean-Luc Lagarce Traduzione\u00a0Franco Quadri Con Anna Bonaiuto Alessandro Tedeschi Barbara Ronchi Vincenzo De Michele Angela&#8230;<\/p>\n","protected":false},"author":7,"featured_media":16511,"comment_status":"open","ping_status":"open","sticky":false,"template":"","format":"standard","meta":{"_acf_changed":false,"footnotes":""},"categories":[50,68],"tags":[],"class_list":["post-16510","post","type-post","status-publish","format-standard","has-post-thumbnail","hentry","category-dal-mondo-dello-spettacolo","category-promozioni","course_type-recitazione","course_type-regia","course_type-critica-giornalistica","course_type-drammaturgia"],"acf":[],"_links":{"self":[{"href":"https:\/\/www.accademiasilviodamico.it\/en\/wp-json\/wp\/v2\/posts\/16510","targetHints":{"allow":["GET"]}}],"collection":[{"href":"https:\/\/www.accademiasilviodamico.it\/en\/wp-json\/wp\/v2\/posts"}],"about":[{"href":"https:\/\/www.accademiasilviodamico.it\/en\/wp-json\/wp\/v2\/types\/post"}],"author":[{"embeddable":true,"href":"https:\/\/www.accademiasilviodamico.it\/en\/wp-json\/wp\/v2\/users\/7"}],"replies":[{"embeddable":true,"href":"https:\/\/www.accademiasilviodamico.it\/en\/wp-json\/wp\/v2\/comments?post=16510"}],"version-history":[{"count":2,"href":"https:\/\/www.accademiasilviodamico.it\/en\/wp-json\/wp\/v2\/posts\/16510\/revisions"}],"predecessor-version":[{"id":16513,"href":"https:\/\/www.accademiasilviodamico.it\/en\/wp-json\/wp\/v2\/posts\/16510\/revisions\/16513"}],"wp:featuredmedia":[{"embeddable":true,"href":"https:\/\/www.accademiasilviodamico.it\/en\/wp-json\/wp\/v2\/media\/16511"}],"wp:attachment":[{"href":"https:\/\/www.accademiasilviodamico.it\/en\/wp-json\/wp\/v2\/media?parent=16510"}],"wp:term":[{"taxonomy":"category","embeddable":true,"href":"https:\/\/www.accademiasilviodamico.it\/en\/wp-json\/wp\/v2\/categories?post=16510"},{"taxonomy":"post_tag","embeddable":true,"href":"https:\/\/www.accademiasilviodamico.it\/en\/wp-json\/wp\/v2\/tags?post=16510"}],"curies":[{"name":"wp","href":"https:\/\/api.w.org\/{rel}","templated":true}]}}