{"id":16319,"date":"2020-01-27T10:58:43","date_gmt":"2020-01-27T09:58:43","guid":{"rendered":"http:\/\/www.accademiasilviodamico.it\/?p=16319"},"modified":"2020-01-27T10:58:43","modified_gmt":"2020-01-27T09:58:43","slug":"segnale-dallarme-la-mia-battaglia-vr","status":"publish","type":"post","link":"https:\/\/www.accademiasilviodamico.it\/en\/segnale-dallarme-la-mia-battaglia-vr\/","title":{"rendered":"Segnale d\u2019allarme &#8211; La mia Battaglia VR"},"content":{"rendered":"<p style=\"text-align: center;\">L\u2019attore e regista <strong>Elio Germano<\/strong> nelle vesti di protagonista:<\/p>\n<p style=\"text-align: center;\">trasposizione in realt\u00e0 virtuale dello spettacolo<\/p>\n<p style=\"text-align: center;\"><strong>La mia Battaglia<\/strong>,<\/p>\n<p style=\"text-align: center;\">dal <strong>4 al 16 febbraio<\/strong> <strong>2020<\/strong><\/p>\n<p style=\"text-align: center;\">presso <strong>Teatro Argot Studio<\/strong>, storico spazio culturale di Trastevere, in via Natale Del Grande 27.<\/p>\n<p>&nbsp;<\/p>\n<p>Per questo evento unico che fonde spettacolo dal vivo e cinema attraverso la tecnologia digitale della Virtual Reality, offerta speciale a <strong>10\u20ac per gli allievi<\/strong>.<\/p>\n<p>Essendo il teatro un Circolo Culturale ricordiamo che \u00e8 necessario sottoscrivere la tessera associativa stagionale che per gli studenti e le studentesse \u00e8 gratuita.<\/p>\n<p><em>Per ulteriori informazioni e prenotazioni \u00e8 possibile contattare direttamente il referente di Theatron 2.0 Edoardo Borzi, gi\u00e0 responsabile della comunicazione di Teatro Argot Studio, che provveder\u00e0 a registrare le richieste pervenute, attraverso la mail <a target=\"_self\" rel=\"noopener\">theatroncomunicazione@gmail.com<\/a> o al 3312344833. <\/em><\/p>\n","protected":false},"excerpt":{"rendered":"<p>L\u2019attore e regista Elio Germano nelle vesti di protagonista: trasposizione in realt\u00e0 virtuale dello spettacolo La mia Battaglia, dal 4&#8230;<\/p>\n","protected":false},"author":7,"featured_media":16323,"comment_status":"open","ping_status":"open","sticky":false,"template":"","format":"standard","meta":{"_acf_changed":false,"footnotes":""},"categories":[50,68],"tags":[],"class_list":["post-16319","post","type-post","status-publish","format-standard","has-post-thumbnail","hentry","category-dal-mondo-dello-spettacolo","category-promozioni","course_type-recitazione","course_type-regia","course_type-critica-giornalistica","course_type-drammaturgia"],"acf":[],"_links":{"self":[{"href":"https:\/\/www.accademiasilviodamico.it\/en\/wp-json\/wp\/v2\/posts\/16319","targetHints":{"allow":["GET"]}}],"collection":[{"href":"https:\/\/www.accademiasilviodamico.it\/en\/wp-json\/wp\/v2\/posts"}],"about":[{"href":"https:\/\/www.accademiasilviodamico.it\/en\/wp-json\/wp\/v2\/types\/post"}],"author":[{"embeddable":true,"href":"https:\/\/www.accademiasilviodamico.it\/en\/wp-json\/wp\/v2\/users\/7"}],"replies":[{"embeddable":true,"href":"https:\/\/www.accademiasilviodamico.it\/en\/wp-json\/wp\/v2\/comments?post=16319"}],"version-history":[{"count":1,"href":"https:\/\/www.accademiasilviodamico.it\/en\/wp-json\/wp\/v2\/posts\/16319\/revisions"}],"predecessor-version":[{"id":16325,"href":"https:\/\/www.accademiasilviodamico.it\/en\/wp-json\/wp\/v2\/posts\/16319\/revisions\/16325"}],"wp:featuredmedia":[{"embeddable":true,"href":"https:\/\/www.accademiasilviodamico.it\/en\/wp-json\/wp\/v2\/media\/16323"}],"wp:attachment":[{"href":"https:\/\/www.accademiasilviodamico.it\/en\/wp-json\/wp\/v2\/media?parent=16319"}],"wp:term":[{"taxonomy":"category","embeddable":true,"href":"https:\/\/www.accademiasilviodamico.it\/en\/wp-json\/wp\/v2\/categories?post=16319"},{"taxonomy":"post_tag","embeddable":true,"href":"https:\/\/www.accademiasilviodamico.it\/en\/wp-json\/wp\/v2\/tags?post=16319"}],"curies":[{"name":"wp","href":"https:\/\/api.w.org\/{rel}","templated":true}]}}