{"id":16288,"date":"2020-01-20T10:48:33","date_gmt":"2020-01-20T09:48:33","guid":{"rendered":"http:\/\/www.accademiasilviodamico.it\/?p=16288"},"modified":"2020-01-20T10:50:09","modified_gmt":"2020-01-20T09:50:09","slug":"il-colloquio-vincitori-de-premio-periferie-2019","status":"publish","type":"post","link":"https:\/\/www.accademiasilviodamico.it\/en\/il-colloquio-vincitori-de-premio-periferie-2019\/","title":{"rendered":"Il Colloquio &#8211;  24 gennaio 2020 alle ore 21.00"},"content":{"rendered":"<h3 style=\"text-align: center;\">Il Colloquio<\/h3>\n<h6 style=\"text-align: center;\">vincitori del premio &#8216; Periferie 2019&#8217;<\/h6>\n<h4 style=\"text-align: center;\">24 gennaio 2020 alle ore 21.00<\/h4>\n<p>&nbsp;<\/p>\n<p>IL COLLOQUIO PRENDE ISPIRAZIONE DAL SISTEMA DI AMMISSIONE AI COLLOQUI PERIODICI CON I DETENUTI PRESSO IL CARCERE DI POGGIOREALE, NAPOLI.<\/p>\n<p>Tre donne, tra tanti altri in coda, attendono stancamente l\u2019inizio degli incontri con i detenuti. Portano oggetti da recapitare all\u2019interno, una di loro \u00e8 incinta: in maniera differente desiderano l\u2019accesso al luogo che per ognuna custodisce un legame. La vita quotidiana della citt\u00e0 non si \u00e8 ancora risvegliata e dalla sospensione onirica della situazione, dagli scontri e dagli avvicinamenti reciproci, emerge la visione brutale di una realt\u00e0 ribaltata. La galera, un luogo alieno, in larga parte ignoto ed oscuro, si rivela un riferimento quasi naturale, oggetto intermittente di desiderio e, paradossalmente, sede di libert\u00e0 surrogata. In qualche modo la reclusione viene condivisa all\u2019esterno dai condannati e per le tre donne, che se ne fanno carico, coincide con la stessa esistenza: i ruoli maschili si sovrappongono alle vite di ciascuna, ripercuotendosi fisicamente sul corpo, sui comportamenti, sulle attivit\u00e0, sulla psiche. Nella loro realt\u00e0, la detenzione \u00e8 una fatalit\u00e0 vicina \u2013 come la morte, \u2013 che deturpa l\u2019animo di chi resta. Pare assodato che la pena sia inutile o ingiusta.<\/p>\n<p><span style=\"font-family: georgia, serif;\"><b>Platea scontata ad \u20ac 10,00 anzich\u00e8 \u20ac 15,00 per gli studenti e docenti dell&#8217;Accademia<br \/>\n<\/b><\/span><\/p>\n","protected":false},"excerpt":{"rendered":"<p>Il Colloquio vincitori del premio &#8216; Periferie 2019&#8217; 24 gennaio 2020 alle ore 21.00 &nbsp; IL COLLOQUIO PRENDE ISPIRAZIONE DAL&#8230;<\/p>\n","protected":false},"author":7,"featured_media":16289,"comment_status":"open","ping_status":"open","sticky":false,"template":"","format":"standard","meta":{"_acf_changed":false,"footnotes":""},"categories":[50,68],"tags":[],"class_list":["post-16288","post","type-post","status-publish","format-standard","has-post-thumbnail","hentry","category-dal-mondo-dello-spettacolo","category-promozioni"],"acf":[],"_links":{"self":[{"href":"https:\/\/www.accademiasilviodamico.it\/en\/wp-json\/wp\/v2\/posts\/16288","targetHints":{"allow":["GET"]}}],"collection":[{"href":"https:\/\/www.accademiasilviodamico.it\/en\/wp-json\/wp\/v2\/posts"}],"about":[{"href":"https:\/\/www.accademiasilviodamico.it\/en\/wp-json\/wp\/v2\/types\/post"}],"author":[{"embeddable":true,"href":"https:\/\/www.accademiasilviodamico.it\/en\/wp-json\/wp\/v2\/users\/7"}],"replies":[{"embeddable":true,"href":"https:\/\/www.accademiasilviodamico.it\/en\/wp-json\/wp\/v2\/comments?post=16288"}],"version-history":[{"count":3,"href":"https:\/\/www.accademiasilviodamico.it\/en\/wp-json\/wp\/v2\/posts\/16288\/revisions"}],"predecessor-version":[{"id":16292,"href":"https:\/\/www.accademiasilviodamico.it\/en\/wp-json\/wp\/v2\/posts\/16288\/revisions\/16292"}],"wp:featuredmedia":[{"embeddable":true,"href":"https:\/\/www.accademiasilviodamico.it\/en\/wp-json\/wp\/v2\/media\/16289"}],"wp:attachment":[{"href":"https:\/\/www.accademiasilviodamico.it\/en\/wp-json\/wp\/v2\/media?parent=16288"}],"wp:term":[{"taxonomy":"category","embeddable":true,"href":"https:\/\/www.accademiasilviodamico.it\/en\/wp-json\/wp\/v2\/categories?post=16288"},{"taxonomy":"post_tag","embeddable":true,"href":"https:\/\/www.accademiasilviodamico.it\/en\/wp-json\/wp\/v2\/tags?post=16288"}],"curies":[{"name":"wp","href":"https:\/\/api.w.org\/{rel}","templated":true}]}}