{"id":14223,"date":"2019-05-09T09:53:02","date_gmt":"2019-05-09T07:53:02","guid":{"rendered":"http:\/\/www.accademiasilviodamico.it\/?p=14223"},"modified":"2019-05-24T09:54:26","modified_gmt":"2019-05-24T07:54:26","slug":"vox-family-stagione-fuoriclasse","status":"publish","type":"post","link":"https:\/\/www.accademiasilviodamico.it\/en\/vox-family-stagione-fuoriclasse\/","title":{"rendered":"Vox Family \/ Stagione Fuoriclasse"},"content":{"rendered":"<p><b>VOX FAMILY\u00a0<\/b><\/p>\n<div>scritto e diretto da\u00a0<b>Francesco Petruzzelli\u00a0<\/b><\/div>\n<div>con\u00a0<b>Lorenzo Parrotto<\/b>,\u00a0<b>Carlotta Mangione<\/b>,\u00a0<b>Roberta Azzarone<\/b>,<b>Irene Ciani<\/b>,\u00a0<b>Giulia Gallone<\/b>,\u00a0<b>Michele Lisi<\/b>,\u00a0<b>Luigi Biava<\/b><\/div>\n<div>Vincitore\u00a0<b>Premio InDivenire 2017<\/b>\u00a0nelle categorie\u00a0<i>miglior Testo<\/i>,\u00a0<i>miglior Spettacolo e Miglior Attrice Protagonista\u00a0<\/i><\/div>\n<div>\u00a0Mamma si prende cura del figlio Astro convinta che sia un genio. Un composto di relazioni contraddittorie che procede con ritmo spiazzante tra incursioni in realt\u00e0 parallele e degenerate. Sette personaggi per una trama in fondo semplice, ma molto significativa. Mamma si prende cura del figlio Astro, in assenza di Padre, troppo codardo. Ci\u00f2 che rende tutto grottesco, \u00e8 la convinzione della Mamma di aver generato in Astro un genio, dotato di intelligenza e abilit\u00e0 fuori dall\u00b4ordinario. Un composto di relazioni ironicamente contraddittorie, capaci di ritrarre, attraverso un gioco di multipli, i vezzi delle pi\u00f9 classiche dimensioni familiari. Le scene si susseguono con ritmo spiazzante e frequenti incursioni in realt\u00e0 parallele e degenerate.<\/div>\n<p>&nbsp;<\/p>\n<div>Informazioni evento:\u00a0<a href=\"https:\/\/www.facebook.com\/events\/373380316602439\" target=\"_blank\" rel=\"noopener\">https:\/\/www.facebook.com\/events\/373380316602439<\/a><\/div>\n","protected":false},"excerpt":{"rendered":"<p>Stagione Fuoriclasse &#8211; 13 \/ 15 maggio &#8211; Teatro de&#8217; Servi<\/p>\n","protected":false},"author":9,"featured_media":14087,"comment_status":"open","ping_status":"open","sticky":false,"template":"","format":"standard","meta":{"_acf_changed":false,"footnotes":""},"categories":[50],"tags":[],"class_list":["post-14223","post","type-post","status-publish","format-standard","has-post-thumbnail","hentry","category-dal-mondo-dello-spettacolo"],"acf":[],"_links":{"self":[{"href":"https:\/\/www.accademiasilviodamico.it\/en\/wp-json\/wp\/v2\/posts\/14223","targetHints":{"allow":["GET"]}}],"collection":[{"href":"https:\/\/www.accademiasilviodamico.it\/en\/wp-json\/wp\/v2\/posts"}],"about":[{"href":"https:\/\/www.accademiasilviodamico.it\/en\/wp-json\/wp\/v2\/types\/post"}],"author":[{"embeddable":true,"href":"https:\/\/www.accademiasilviodamico.it\/en\/wp-json\/wp\/v2\/users\/9"}],"replies":[{"embeddable":true,"href":"https:\/\/www.accademiasilviodamico.it\/en\/wp-json\/wp\/v2\/comments?post=14223"}],"version-history":[{"count":1,"href":"https:\/\/www.accademiasilviodamico.it\/en\/wp-json\/wp\/v2\/posts\/14223\/revisions"}],"predecessor-version":[{"id":14224,"href":"https:\/\/www.accademiasilviodamico.it\/en\/wp-json\/wp\/v2\/posts\/14223\/revisions\/14224"}],"wp:featuredmedia":[{"embeddable":true,"href":"https:\/\/www.accademiasilviodamico.it\/en\/wp-json\/wp\/v2\/media\/14087"}],"wp:attachment":[{"href":"https:\/\/www.accademiasilviodamico.it\/en\/wp-json\/wp\/v2\/media?parent=14223"}],"wp:term":[{"taxonomy":"category","embeddable":true,"href":"https:\/\/www.accademiasilviodamico.it\/en\/wp-json\/wp\/v2\/categories?post=14223"},{"taxonomy":"post_tag","embeddable":true,"href":"https:\/\/www.accademiasilviodamico.it\/en\/wp-json\/wp\/v2\/tags?post=14223"}],"curies":[{"name":"wp","href":"https:\/\/api.w.org\/{rel}","templated":true}]}}