{"id":14071,"date":"2019-04-18T11:34:32","date_gmt":"2019-04-18T09:34:32","guid":{"rendered":"http:\/\/www.accademiasilviodamico.it\/?p=14071"},"modified":"2019-05-22T11:38:16","modified_gmt":"2019-05-22T09:38:16","slug":"carl-una-ballata","status":"publish","type":"post","link":"https:\/\/www.accademiasilviodamico.it\/en\/carl-una-ballata\/","title":{"rendered":"CARL Una ballata"},"content":{"rendered":"<p><strong>CARL<\/strong> Una ballata<\/p>\n<p>scritto e diretto da Giulia Bartolini<br \/>\ncon Luca Carbone, Francesco Cotroneo, Giulia Trippetta<br \/>\nmusiche originali di Enrico Morsillo<br \/>\ncostumi Costanza Monniello disegno luci Valerio Camelin<br \/>\nproduzione Attori &amp; Tecnici<\/p>\n<p>Carl Una ballata, nasce da un gruppo di giovani attori diplomati all\u00b4Accademia Nazionale D\u00b4Arte drammatica Silvio D\u00b4Amico di Roma: Giulia Bartolini, Luca Carbone, Francesco Cotroneo e Giulia Trippetta. Cresce sviluppandosi come una vera e propria favola moderna, che in poco pi\u00f9 di un\u00b4ora vuole raccontare una storia di vita, attraversare e stimolare la fantasia di ognuno per renderci protagonisti di un mondo pieno di meraviglia e allo stesso tempo, privo di certezze.<\/p>\n<p>Carl \u00e8 un ex professore universitario, scrittore fallito, che vive con la moglie in una piccola casa fuori dalla citt\u00e0. I due hanno pochi amici, escono raramente, ma una sera, mentre si stanno preparando per andare a teatro, ricevono la chiamata di uno sconosciuto. Questi afferma di avere le chiavi: sta arrivando, si scusa per il ritardo. Da questo momento Carl sar\u00e0 costretto a scoprire, a ricordare, ad accettare, a guardare ci\u00f2 che non ha mai voluto vedere, pur di scoprire e soprattutto capire la verit\u00e0.<\/p>\n<p>&#8220;CARL&#8221; \u00e8 la storia di un uomo comune, semplice, un uomo come tutti noi. Lo spettacolo \u00e8 la favola che racconta le sue scelte, la sua mediocrit\u00e0 e i suoi talenti, attraverso quella che appare come un\u00b4immagine romanzata della vita, fatta di incidenti portati dal caso, senza colpe, senza alternative, in un mondo lontano dalla realt\u00e0 dove tutto vale. Intrappolato in un gioco a tre e costretto a narrarci la sua storia, sar\u00e0 lo stesso Carl a portarci verso la fine, verso la verit\u00e0, verso l\u00b4ultima domanda.<\/p>\n<p>Si pu\u00f2 scegliere la mediocrit\u00e0 pur di essere felici? &#8220;Dietro questa favola raccontata con umorismo Pirandelliano, si cela il dramma di una societ\u00e0 distopica, priva di libert\u00e0, imperniata di regole e costrizioni&#8221; (LaNouvellevague) che non lascia spazio alla speranza. La narrazione, accompagnata dalle musiche originali di Enrico Morsillo (compositore diplomato al Conservatorio Santa Cecilia di Roma) e arricchita dai costumi di Costanza Monniello, segue le regole di una ballata, oscillando tra l\u00b4ironia, la comicit\u00e0 e il dramma, nel tentativo di portare lo spettatore alla scoperta di un mondo fantastico, lontano e allo stesso tempo incredibilmente vicino a quella che \u00e8 la nostra realt\u00e0.<\/p>\n<p>Prodotto da Attori &amp; Tecnici, \u00e8 lo spettacolo vincitore della decima edizione della rassegna &#8220;SALVIAMO I TALENTI &#8211; Premio Attilio Corsini&#8221;, iniziativa ideata da Viviana Toniolo, per promuovere progetti teatrali di grande qualit\u00e0 i cui protagonisti sono giovani registi e giovani attori, con lo scopo di aumentare le opportunit\u00e0 delle creativit\u00e0 emergenti.<br \/>\nIn finale al Premio Nazionale Delle Arti tra le migliori drammaturgie nel 2017 e in debutto, per la prima volta, al Teatro Trastevere nel Marzo 2018.<\/p>\n<hr \/>\n<p><strong>Dal 18 al 28 aprile 2019<\/strong> ore 21.00<br \/>\n(domenica 21 e lunedi 22 chiuso . marted\u00ec 23 ore 20.00; mercoledi 24 ore 17; giovedi 25 e domenica 28 ore 17.30)<\/p>\n<p><strong>TEATRO VITTORIA \/ ATTORI&amp;TECNICI<\/strong> _ Piazza S.Maria Liberatrice 10, Roma (Testaccio)<br \/>\n<strong>Biglietti<\/strong>: intero platea 28, intero galleria 22 (compresi 3 euro di prevendita)<br \/>\n<strong>Ridotti<\/strong>: intero platea 21; intero galleria 18 (compresi 3 euro di prevendita)<br \/>\n<strong>Ufficio Stampa Chiara Crupi Artinconnessione<\/strong><br \/>\n<a href=\"mailto:artinconnessione@gmail.com\">artinconnessione@gmail.com<\/a> 3932969668<\/p>\n","protected":false},"excerpt":{"rendered":"<p>Spettacolo vincitore della rassegna SALVIAMO I TALENTI 2018 &#8211; Teatro Vittoria dal 18 al 28 aprile 2019 ore 21.00<\/p>\n","protected":false},"author":9,"featured_media":14072,"comment_status":"open","ping_status":"open","sticky":false,"template":"","format":"standard","meta":{"_acf_changed":false,"footnotes":""},"categories":[50],"tags":[],"class_list":["post-14071","post","type-post","status-publish","format-standard","has-post-thumbnail","hentry","category-dal-mondo-dello-spettacolo"],"acf":[],"_links":{"self":[{"href":"https:\/\/www.accademiasilviodamico.it\/en\/wp-json\/wp\/v2\/posts\/14071","targetHints":{"allow":["GET"]}}],"collection":[{"href":"https:\/\/www.accademiasilviodamico.it\/en\/wp-json\/wp\/v2\/posts"}],"about":[{"href":"https:\/\/www.accademiasilviodamico.it\/en\/wp-json\/wp\/v2\/types\/post"}],"author":[{"embeddable":true,"href":"https:\/\/www.accademiasilviodamico.it\/en\/wp-json\/wp\/v2\/users\/9"}],"replies":[{"embeddable":true,"href":"https:\/\/www.accademiasilviodamico.it\/en\/wp-json\/wp\/v2\/comments?post=14071"}],"version-history":[{"count":3,"href":"https:\/\/www.accademiasilviodamico.it\/en\/wp-json\/wp\/v2\/posts\/14071\/revisions"}],"predecessor-version":[{"id":14075,"href":"https:\/\/www.accademiasilviodamico.it\/en\/wp-json\/wp\/v2\/posts\/14071\/revisions\/14075"}],"wp:featuredmedia":[{"embeddable":true,"href":"https:\/\/www.accademiasilviodamico.it\/en\/wp-json\/wp\/v2\/media\/14072"}],"wp:attachment":[{"href":"https:\/\/www.accademiasilviodamico.it\/en\/wp-json\/wp\/v2\/media?parent=14071"}],"wp:term":[{"taxonomy":"category","embeddable":true,"href":"https:\/\/www.accademiasilviodamico.it\/en\/wp-json\/wp\/v2\/categories?post=14071"},{"taxonomy":"post_tag","embeddable":true,"href":"https:\/\/www.accademiasilviodamico.it\/en\/wp-json\/wp\/v2\/tags?post=14071"}],"curies":[{"name":"wp","href":"https:\/\/api.w.org\/{rel}","templated":true}]}}