{"id":14069,"date":"2019-03-28T11:32:44","date_gmt":"2019-03-28T10:32:44","guid":{"rendered":"http:\/\/www.accademiasilviodamico.it\/?p=14069"},"modified":"2019-05-22T11:33:53","modified_gmt":"2019-05-22T09:33:53","slug":"costellazione-cancro-il-ssn-e-le-nuove-terapie","status":"publish","type":"post","link":"https:\/\/www.accademiasilviodamico.it\/en\/costellazione-cancro-il-ssn-e-le-nuove-terapie\/","title":{"rendered":"Costellazione Cancro | Il SSN e le nuove terapie"},"content":{"rendered":"<p>Il Sistema Sanitario Nazionale e le nuove terapie i temi protagonisti dell\u00b4ultimo appuntamento di Costellazione Cancro, il 27 marzo al\u00a0<a href=\"https:\/\/www.facebook.com\/hashtag\/nuovoteatroorione\" target=\"_blank\" rel=\"noopener\">#NuovoTeatroOrione<\/a>.<\/p>\n<p>La serata sar\u00e0 presentata dall&#8217;ideatore della rassegna, nonch\u00e9 direttore artistico del teatro, Carlo Oldani, e preveder\u00e0 l\u00b4alternanza di momenti attoriali e canori, ai quali viene affidato il compito pi\u00f9 difficile: emozionare e sensibilizzare sul percorso oncologico, che pu\u00f2 cambiare e stravolgere la vita di chi inevitabilmente lo intraprende.<\/p>\n<div>Con l&#8217;intervento del Dr. Andrea Mancuso &#8211; Specialista in Oncologia Medica di Ricerca e Biologia Molecolare applicata ai Tumori Solidi verr\u00e0 approfondito il tema delle nuove terapie disponibili per affrontare il tumore e l\u00b4efficacia del Sistema Sanitario Nazionale in questa lotta.<\/div>\n<p>&nbsp;<\/p>\n<div><a href=\"https:\/\/www.facebook.com\/events\/913629889028219\/\">Link evento Facebook\u00a0<\/a><\/div>\n","protected":false},"excerpt":{"rendered":"<p>Nuovo Teatro Orione, 27 marzo 2019 ore 21.00 ingresso gratuito<\/p>\n","protected":false},"author":9,"featured_media":0,"comment_status":"open","ping_status":"open","sticky":false,"template":"","format":"standard","meta":{"_acf_changed":false,"footnotes":""},"categories":[50],"tags":[],"class_list":["post-14069","post","type-post","status-publish","format-standard","hentry","category-dal-mondo-dello-spettacolo"],"acf":[],"_links":{"self":[{"href":"https:\/\/www.accademiasilviodamico.it\/en\/wp-json\/wp\/v2\/posts\/14069","targetHints":{"allow":["GET"]}}],"collection":[{"href":"https:\/\/www.accademiasilviodamico.it\/en\/wp-json\/wp\/v2\/posts"}],"about":[{"href":"https:\/\/www.accademiasilviodamico.it\/en\/wp-json\/wp\/v2\/types\/post"}],"author":[{"embeddable":true,"href":"https:\/\/www.accademiasilviodamico.it\/en\/wp-json\/wp\/v2\/users\/9"}],"replies":[{"embeddable":true,"href":"https:\/\/www.accademiasilviodamico.it\/en\/wp-json\/wp\/v2\/comments?post=14069"}],"version-history":[{"count":1,"href":"https:\/\/www.accademiasilviodamico.it\/en\/wp-json\/wp\/v2\/posts\/14069\/revisions"}],"predecessor-version":[{"id":14070,"href":"https:\/\/www.accademiasilviodamico.it\/en\/wp-json\/wp\/v2\/posts\/14069\/revisions\/14070"}],"wp:attachment":[{"href":"https:\/\/www.accademiasilviodamico.it\/en\/wp-json\/wp\/v2\/media?parent=14069"}],"wp:term":[{"taxonomy":"category","embeddable":true,"href":"https:\/\/www.accademiasilviodamico.it\/en\/wp-json\/wp\/v2\/categories?post=14069"},{"taxonomy":"post_tag","embeddable":true,"href":"https:\/\/www.accademiasilviodamico.it\/en\/wp-json\/wp\/v2\/tags?post=14069"}],"curies":[{"name":"wp","href":"https:\/\/api.w.org\/{rel}","templated":true}]}}