{"id":13969,"date":"2018-05-02T12:47:38","date_gmt":"2018-05-02T10:47:38","guid":{"rendered":"http:\/\/www.accademiasilviodamico.it\/?p=13969"},"modified":"2019-05-20T12:48:58","modified_gmt":"2019-05-20T10:48:58","slug":"premio-indivenire-per-la-prosa-e-la-danza-seconda-edizione","status":"publish","type":"post","link":"https:\/\/www.accademiasilviodamico.it\/en\/premio-indivenire-per-la-prosa-e-la-danza-seconda-edizione\/","title":{"rendered":"Premio inDivenire per la prosa e la danza &#8211; seconda edizione"},"content":{"rendered":"<div><b>Premio inDivenire per la prosa e la danza &#8211; seconda edizione<\/b><\/div>\n<div><\/div>\n<div>Il Premio inDivenire nasce dalla volont\u00e0 di Alessandro Longobardi Direttore Artistico di O.T.I, Officine del Teatro Italiano di sostenere un progetto artistico rivolto soprattutto ai giovani professionisti dello spettacolo dal vivo. Il bando di partecipazione si rivolge a compagnie, singoli professionisti o gruppi di professionisti che operano sul territorio nazionale e che pur potendo avvalersi di registi, coreografi e autori anche OVER 35, dovranno essere formate al 60% da artisti UNDER 35.<\/div>\n<div>Il Premio Indivenire, la cui direzione artistica \u00e8 affidata a Giampiero Cicci\u00f2, \u00e8 suddiviso in due sezioni:<\/div>\n<div>TEATRO (in tutte le sue diverse declinazioni e generi, comprese la performing art e la contaminazione multidisciplinare)<\/div>\n<div>DANZA (in tutte le sue diverse declinazioni e generi compresi teatro-danza, hip-hop, street dance)<\/div>\n<div>e avr\u00e0 come sede SPAZIO DIAMANTE, teatro nel quartiere Pigneto a Roma che con le sue tre sale offre grandi potenzialit\u00e0 a diversi linguaggi d\u00b4arte.<\/div>\n<div><u>\u00a0<\/u><\/div>\n<div><u>Spettacoli ammissibili<\/u><\/div>\n<div><\/div>\n<div>nella Sezione Teatro saranno considerate ammissibili solo messinscene &#8220;in divenire&#8221;: work in progress gi\u00e0 strutturati in forma di spettacolo (non sono ammesse le letture) e della durata di min. 40 max 50 minuti.<\/div>\n<div>Nella sezione danza durata di min. 20 max 30 minuti.<\/div>\n<div><\/div>\n<div>\n<div><u>Criteri di selezione e valutazione<\/u><\/div>\n<div><u>\u00a0<\/u><\/div>\n<div>La selezione delle compagnie che parteciperanno, nelle rispettive sezioni, \u00e8 affidata al giudizio insindacabile della direzione artistica del Premio inDivenire. Il giorno luned\u00ec 9 LUGLIO 2018 saranno comunicati, a mezzo e-mail, gli esiti della selezione alle Compagnie ammesse al Premio.<\/div>\n<div><\/div>\n<div>Il Festival inDivenire si svolger\u00e0 allo SPAZIO DIAMANTE indicativamente dal 2 al 14 ottobre 2018. Ogni spettacolo sar\u00e0 valutato, attraverso apposite schede, dalla commissione artistica del Premio inDivenire e dal pubblico in sala, dopo un incontro\/confronto con gli artisti delle Compagnie. Il Premio verr\u00e0 assegnato durate la cerimonia di chiusura del Festival.<\/div>\n<div><\/div>\n<div><b>\u00a0<\/b><\/div>\n<div><u>Premio<\/u><\/div>\n<div><\/div>\n<div>Le compagnie selezionate, nelle rispettive sezioni, concorrono all\u00b4assegnazione del Premio consistente in due settimane di residenza (da definire in uno degli spazi gestiti dall\u00b4organizzazione), debutto dello spettacolo allo SPAZIO DIAMANTE con un compenso di 1.800 \u20ac oltre IVA e due ulteriori repliche, successive al debutto. Il periodo di residenza e il debutto saranno programmati nella stagione 2018\/2019 in date da concordare con gli organizzatori del Festival inDivenire e compatibilmente con il calendario delle attivit\u00e0 gi\u00e0 definite allo Spazio Diamante.<\/div>\n<div><\/div>\n<div><\/div>\n<div><\/div>\n<div>Saranno assegnati inoltre i premi alle categorie: Miglior Regia, Miglior Attore, Miglior Testo, Miglior Attrice, Miglior Danzatore\/Performer, Migliore Danzatrice\/Performer, Menzioni Speciali della Giuria e Premio Speciale del Pubblico, che verr\u00e0 assegnato dal gruppo di spettatori &#8220;Altro Gradimento&#8221; e offrir\u00e0 la possibilit\u00e0 di effettuare una o pi\u00f9 recite nella stagione 2018\/19 dello Spazio Diamante, secondo le modalit\u00e0 consuete di ospitalit\u00e0 di OTI.<\/div>\n<div><\/div>\n<div>Per info:\u00a0<a href=\"http:\/\/www.spaziodiamante.it\/premio-indivenire\/\">http:\/\/www.spaziodiamante.it\/premio-indivenire\/<\/a><\/div>\n<\/div>\n","protected":false},"excerpt":{"rendered":"<p>Premio inDivenire per la prosa e la danza &#8211; seconda edizione Il Premio inDivenire nasce dalla volont\u00e0 di Alessandro Longobardi&#8230;<\/p>\n","protected":false},"author":9,"featured_media":13970,"comment_status":"open","ping_status":"open","sticky":false,"template":"","format":"standard","meta":{"_acf_changed":false,"footnotes":""},"categories":[50],"tags":[],"class_list":["post-13969","post","type-post","status-publish","format-standard","has-post-thumbnail","hentry","category-dal-mondo-dello-spettacolo"],"acf":[],"_links":{"self":[{"href":"https:\/\/www.accademiasilviodamico.it\/en\/wp-json\/wp\/v2\/posts\/13969","targetHints":{"allow":["GET"]}}],"collection":[{"href":"https:\/\/www.accademiasilviodamico.it\/en\/wp-json\/wp\/v2\/posts"}],"about":[{"href":"https:\/\/www.accademiasilviodamico.it\/en\/wp-json\/wp\/v2\/types\/post"}],"author":[{"embeddable":true,"href":"https:\/\/www.accademiasilviodamico.it\/en\/wp-json\/wp\/v2\/users\/9"}],"replies":[{"embeddable":true,"href":"https:\/\/www.accademiasilviodamico.it\/en\/wp-json\/wp\/v2\/comments?post=13969"}],"version-history":[{"count":1,"href":"https:\/\/www.accademiasilviodamico.it\/en\/wp-json\/wp\/v2\/posts\/13969\/revisions"}],"predecessor-version":[{"id":13971,"href":"https:\/\/www.accademiasilviodamico.it\/en\/wp-json\/wp\/v2\/posts\/13969\/revisions\/13971"}],"wp:featuredmedia":[{"embeddable":true,"href":"https:\/\/www.accademiasilviodamico.it\/en\/wp-json\/wp\/v2\/media\/13970"}],"wp:attachment":[{"href":"https:\/\/www.accademiasilviodamico.it\/en\/wp-json\/wp\/v2\/media?parent=13969"}],"wp:term":[{"taxonomy":"category","embeddable":true,"href":"https:\/\/www.accademiasilviodamico.it\/en\/wp-json\/wp\/v2\/categories?post=13969"},{"taxonomy":"post_tag","embeddable":true,"href":"https:\/\/www.accademiasilviodamico.it\/en\/wp-json\/wp\/v2\/tags?post=13969"}],"curies":[{"name":"wp","href":"https:\/\/api.w.org\/{rel}","templated":true}]}}